{"id":9532,"date":"2024-02-20T09:00:18","date_gmt":"2024-02-20T12:00:18","guid":{"rendered":"https:\/\/www.rochalog.com.br\/?p=9532"},"modified":"2024-02-20T13:31:58","modified_gmt":"2024-02-20T16:31:58","slug":"a-rocha-recebeu-o-selo-empresa-que-protege-e-inclui-em-reconhecimento-ao-nosso-compromisso-social","status":"publish","type":"post","link":"https:\/\/www.rochalog.com.br\/en\/a-rocha-recebeu-o-selo-empresa-que-protege-e-inclui-em-reconhecimento-ao-nosso-compromisso-social\/","title":{"rendered":"A Rocha recebeu o Selo &#8220;Empresa que Protege e Inclui&#8221; em reconhecimento ao nosso compromisso social"},"content":{"rendered":"<p>No cen\u00e1rio das contribui\u00e7\u00f5es essenciais para o desenvolvimento social de Paranagu\u00e1, nos destacamos mais uma vez ao receber o prestigiado <strong>Selo &#8220;Empresa que Protege e Inclui&#8221;<\/strong>. O evento ocorreu na sala de reuni\u00f5es da Unidade de Pronto Atendimento (UPA) de Paranagu\u00e1, que abriga temporariamente o gabinete do prefeito Marcelo Roque (PSD).<\/p>\n<p>O Selo \u00e9 resultado do engajamento da nossa empresa no Programa Paranagu\u00e1 Cidade Protegida e Inclusiva, que busca incentivar empresas a aderirem ao programa de ren\u00fancia fiscal municipal, direcionando recursos para os fundos municipais. O prefeito Marcelo Roque expressou a import\u00e2ncia do projeto para o investimento em entidades locais.<\/p>\n<p>&#8220;Este incr\u00edvel programa de ren\u00fancia fiscal das empresas proporciona investimentos significativos em nosso munic\u00edpio, beneficiando diversas entidades locais. Contribu\u00edmos ativamente ao direcionar recursos por meio da Assist\u00eancia Social para a APAE, nossos abrigos de idosos e outras institui\u00e7\u00f5es filantr\u00f3picas em nosso <strong>compromisso<\/strong> com o desenvolvimento social,&#8221; destacou o prefeito.<\/p>\n<p>Ana Paula Falanga, secret\u00e1ria de Assist\u00eancia Social, enfatizou que a entrega do selo \u00e0 Rocha \u00e9 um <strong>reconhecimento<\/strong> \u00e0 sua s\u00f3lida <strong>responsabilidade social<\/strong>. &#8220;A empresa compreende a import\u00e2ncia da aplica\u00e7\u00e3o da ren\u00fancia fiscal em projetos sociais para o desenvolvimento de Paranagu\u00e1. Desde 2022, estabelecemos uma parceria significativa, e agora formalizamos a entrega do selo, consolidando a Rocha como mais uma colaboradora essencial para o progresso da nossa cidade,&#8221; disse.<\/p>\n<p>Ela ressaltou a participa\u00e7\u00e3o ativa de empresas, como a Rocha, na aplica\u00e7\u00e3o de ren\u00fancia fiscal e recursos em projetos sociais, impulsionando o desenvolvimento da cidade. &#8220;A contribui\u00e7\u00e3o ativa de empresas, nesse compromisso \u00e9 fundamental para a aplica\u00e7\u00e3o de ren\u00fancia fiscal e recursos em projetos sociais, impulsionando o desenvolvimento da cidade,&#8221; afirmou a secret\u00e1ria.<\/p>\n<p>Ana Paula tamb\u00e9m destacou o compromisso cont\u00ednuo da nossa empresa com o desenvolvimento territorial de Paranagu\u00e1, enfatizando a parceria iniciada em 2022. &#8220;\u00c9 fundamental que as empresas, assim como a Rocha, se somem a esse compromisso para aplica\u00e7\u00e3o de ren\u00fancia fiscal e recursos tamb\u00e9m em projetos sociais para o desenvolvimento de Paranagu\u00e1,&#8221; comentou.<\/p>\n<p>Nosso Diretor Institucional, Rivadavia Sim\u00e3o, que esteve presente no evento, ressaltou a import\u00e2ncia desse reconhecimento para uma empresa com 160 anos de trajet\u00f3ria como a Rocha. Destacou que esse reconhecimento simboliza a contribui\u00e7\u00e3o de uma empresa centen\u00e1ria que tem a filosofia cultural vinculada ao constante impulso ao crescimento da cidade, refletindo sua miss\u00e3o fundamental. &#8220;A conquista deste selo \u00e9 motivo de grande honra, e acreditamos firmemente que o que fazemos n\u00e3o \u00e9 um gesto de benevol\u00eancia, mas sim uma obriga\u00e7\u00e3o que temos para com a comunidade&#8221;, afirmou.<\/p>\n<p>Rivadavia tamb\u00e9m revelou que a empresa sempre operou de maneira discreta, optando por <strong>agir<\/strong> em vez de <strong>divulgar<\/strong>, o que tornou a iniciativa da Prefeitura ao conceder o selo ainda mais significativo para os colaboradores. Al\u00e9m disso, enfatizou a confian\u00e7a na credibilidade da Prefeitura para liderar projetos como esse, proporcionando uma compreens\u00e3o clara sobre a destina\u00e7\u00e3o dos recursos, os incentivos envolvidos e os benef\u00edcios resultantes para a popula\u00e7\u00e3o. &#8220;Receber este selo representa n\u00e3o apenas um reconhecimento, mas a reafirma\u00e7\u00e3o do compromisso da empresa em proporcionar crescimento e desenvolvimento cont\u00ednuo para a cidade&#8221;, concluiu.<\/p>\n<p>Por meio de ren\u00fancia fiscal e participa\u00e7\u00e3o atuante deste programa municipal, a Rocha contribui com projetos voltados para crian\u00e7as e adolescentes em situa\u00e7\u00e3o de vulnerabilidade social (Projeto \u00c1gape) e tamb\u00e9m para sa\u00fade e bem-estar dos idosos (Projeto Reabilitar e Prevenir). Al\u00e9m destes projetos citados, a Rocha tamb\u00e9m vem fortalecendo a atua\u00e7\u00e3o na comunidade e avan\u00e7ando com projetos voltados para Educa\u00e7\u00e3o, Cultura, Meio Ambiente, Esporte, Desenvolvimento Econ\u00f4mico e Direitos da Crian\u00e7a e Adolescente, al\u00e9m do est\u00edmulo ao voluntariado corporativo.<\/p>\n<p>Reafirmamos nosso compromisso com a comunidade local, contribuindo ativamente para promover o <strong>desenvolvimento social<\/strong> <strong>e econ\u00f4mico de Paranagu\u00e1<\/strong>. Este selo n\u00e3o apenas representa um reconhecimento, mas tamb\u00e9m inspira outras empresas a se unirem a esse nobre compromisso pela constru\u00e7\u00e3o de uma cidade mais inclusiva e protegida.<\/p>","protected":false},"excerpt":{"rendered":"<p>No cen\u00e1rio das contribui\u00e7\u00f5es essenciais para o desenvolvimento social de Paranagu\u00e1, nos destacamos mais uma vez ao receber o prestigiado [&hellip;]<\/p>","protected":false},"author":2,"featured_media":9533,"comment_status":"open","ping_status":"open","sticky":false,"template":"","format":"standard","meta":{"_jetpack_memberships_contains_paid_content":false,"footnotes":""},"categories":[32,31,10],"tags":[244,245,243],"class_list":{"0":"post-9532","1":"post","2":"type-post","3":"status-publish","4":"format-standard","5":"has-post-thumbnail","6":"hentry","7":"category-conquistas","8":"category-historia","9":"category-news","10":"tag-compromisso","11":"tag-projeto-social","12":"tag-reconhecimento","14":"post-with-thumbnail","15":"post-with-thumbnail-large"},"aioseo_notices":[],"jetpack_featured_media_url":"https:\/\/www.rochalog.com.br\/wp-content\/uploads\/2024\/02\/af_Rocha_ProtegeEInclui_Blog_01a.png","jetpack_sharing_enabled":true,"_links":{"self":[{"href":"https:\/\/www.rochalog.com.br\/en\/wp-json\/wp\/v2\/posts\/9532","targetHints":{"allow":["GET"]}}],"collection":[{"href":"https:\/\/www.rochalog.com.br\/en\/wp-json\/wp\/v2\/posts"}],"about":[{"href":"https:\/\/www.rochalog.com.br\/en\/wp-json\/wp\/v2\/types\/post"}],"author":[{"embeddable":true,"href":"https:\/\/www.rochalog.com.br\/en\/wp-json\/wp\/v2\/users\/2"}],"replies":[{"embeddable":true,"href":"https:\/\/www.rochalog.com.br\/en\/wp-json\/wp\/v2\/comments?post=9532"}],"version-history":[{"count":0,"href":"https:\/\/www.rochalog.com.br\/en\/wp-json\/wp\/v2\/posts\/9532\/revisions"}],"wp:featuredmedia":[{"embeddable":true,"href":"https:\/\/www.rochalog.com.br\/en\/wp-json\/wp\/v2\/media\/9533"}],"wp:attachment":[{"href":"https:\/\/www.rochalog.com.br\/en\/wp-json\/wp\/v2\/media?parent=9532"}],"wp:term":[{"taxonomy":"category","embeddable":true,"href":"https:\/\/www.rochalog.com.br\/en\/wp-json\/wp\/v2\/categories?post=9532"},{"taxonomy":"post_tag","embeddable":true,"href":"https:\/\/www.rochalog.com.br\/en\/wp-json\/wp\/v2\/tags?post=9532"}],"curies":[{"name":"wp","href":"https:\/\/api.w.org\/{rel}","templated":true}]}}