{"id":9100,"date":"2023-05-10T15:19:42","date_gmt":"2023-05-10T18:19:42","guid":{"rendered":"https:\/\/www.rochalog.com.br\/?p=9100"},"modified":"2023-05-10T15:21:26","modified_gmt":"2023-05-10T18:21:26","slug":"rocha-comemora-o-dia-do-trabalhador-valorizando-a-dedicacao-do-seu-time","status":"publish","type":"post","link":"https:\/\/www.rochalog.com.br\/en\/rocha-comemora-o-dia-do-trabalhador-valorizando-a-dedicacao-do-seu-time\/","title":{"rendered":"Rocha comemora o Dia do Trabalhador valorizando a Dedica\u00e7\u00e3o do seu time"},"content":{"rendered":"<p>O Dia do Trabalhador \u00e9 uma data totalmente voltada para a celebra\u00e7\u00e3o dos trabalhadores e da dedica\u00e7\u00e3o deles ao trabalho que realizam. \u00c9 um dia para reconhecer a import\u00e2ncia do esfor\u00e7o de um profissional para o sucesso individual e coletivo.<\/p>\n<p>A <strong>ROCHA <\/strong>sabe que a dedica\u00e7\u00e3o de seus colaboradores \u00e9 fundamental para o desenvolvimento da Companhia. S\u00e3o eles que superam obst\u00e1culos e nos mant\u00e9m seguindo em frente, rumo a um caminho de sucesso.<\/p>\n<p>Pensando nisso, aproveitamos o <strong>Dia do Trabalhador <\/strong>para homenagear a dedica\u00e7\u00e3o e o empenho que os nossos colaboradores dedicam \u00e0s nossas opera\u00e7\u00f5es.<\/p>\n<p>Com esse sentimento de gratid\u00e3o pela pot\u00eancia do nosso time, a ROCHA comemorou o Dia do Trabalhador com uma a\u00e7\u00e3o especial de valoriza\u00e7\u00e3o. Acompanhe esse artigo e confira como foram as nossas comemora\u00e7\u00f5es nas tr\u00eas unidades da ROCHA.<\/p>\n<h4><span style=\"color: #f58220;\">Campanha &#8220;A sua dedica\u00e7\u00e3o \u00e9 o que nos conecta ao sucesso&#8221;<\/span><\/h4>\n<p>Todo ano, a ROCHA aproveita o Dia do Trabalhador para prestar uma homenagem aos seus colaboradores. Em 2023, n\u00e3o foi diferente.<\/p>\n<p>Neste ano, estamos trabalhando na comunica\u00e7\u00e3o interna alguns sentimentos que nos conectam ao sucesso e um deles \u00e9 a <strong>dedica\u00e7\u00e3o<\/strong>. Sabemos que, sem a dedica\u00e7\u00e3o de cada um dos profissionais que integram a nossa Companhia, nenhuma vit\u00f3ria seria alcan\u00e7ada.<\/p>\n<p>Por isso, para homenagear a dedica\u00e7\u00e3o dos colaboradores, que s\u00e3o a base do sucesso da nossa empresa, desenvolvemos a campanha \u201c<strong>A sua dedica\u00e7\u00e3o \u00e9 o que nos conecta ao sucesso<\/strong>\u201d.<\/p>\n<p>Essa mensagem foi refor\u00e7ada com a lideran\u00e7a da ROCHA, com o objetivo de destacar a import\u00e2ncia do esfor\u00e7o e do empenho individual na constru\u00e7\u00e3o de um time forte, unido e de sucesso.<\/p>\n<p>A campanha incluiu tamb\u00e9m a entrega de brindes em todas as tr\u00eas unidades da Rocha: Paranagu\u00e1 (PR), S\u00e3o Francisco do Sul (SC) e Rio Grande (RS).<\/p>\n<p>O brinde deste ano foi um kit personalizado, composto por: 01 recipiente para conservar alimentos e ideal para o uso do dia a dia (marmitas, lanches e frutas), 01 planner para ajudar a organizar e planejar a rotina e 01 cart\u00e3o com mensagem de valoriza\u00e7\u00e3o aos colaboradores.<\/p>\n<p>Todos os kits foram entregues pelos l\u00edderes de cada setor durante os dias 28\/04 a 01\/05. Confira abaixo algumas fotos dos brindes entregues em comemora\u00e7\u00e3o ao Dia do Trabalhador.<\/p>\n<h5>Paranagu\u00e1<\/h5>\n\n\t\t<style type=\"text\/css\">\n\t\t\t#gallery-1 {\n\t\t\t\tmargin: auto;\n\t\t\t}\n\t\t\t#gallery-1 .gallery-item {\n\t\t\t\tfloat: left;\n\t\t\t\tmargin-top: 10px;\n\t\t\t\ttext-align: center;\n\t\t\t\twidth: 25%;\n\t\t\t}\n\t\t\t#gallery-1 img {\n\t\t\t\tborder: 2px solid #cfcfcf;\n\t\t\t}\n\t\t\t#gallery-1 .gallery-caption {\n\t\t\t\tmargin-left: 0;\n\t\t\t}\n\t\t\t\/* see gallery_shortcode() in wp-includes\/media.php *\/\n\t\t<\/style>\n\t\t<div id='gallery-1' class='gallery galleryid-9100 gallery-columns-4 gallery-size-thumbnail'><dl class='gallery-item'>\n\t\t\t<dt class='gallery-icon landscape'>\n\t\t\t\t<a href='https:\/\/www.rochalog.com.br\/en\/rocha-comemora-o-dia-do-trabalhador-valorizando-a-dedicacao-do-seu-time\/dia-do-trabalhador-1-2\/#main'><img loading=\"lazy\" decoding=\"async\" width=\"150\" height=\"150\" src=\"https:\/\/www.rochalog.com.br\/wp-content\/uploads\/2023\/05\/Dia-do-Trabalhador-1-150x150.jpeg\" class=\"attachment-thumbnail size-thumbnail\" alt=\"\" \/><\/a>\n\t\t\t<\/dt><\/dl><dl class='gallery-item'>\n\t\t\t<dt class='gallery-icon landscape'>\n\t\t\t\t<a href='https:\/\/www.rochalog.com.br\/en\/rocha-comemora-o-dia-do-trabalhador-valorizando-a-dedicacao-do-seu-time\/dia-do-trabalhador-2-2\/#main'><img loading=\"lazy\" decoding=\"async\" width=\"150\" height=\"150\" src=\"https:\/\/www.rochalog.com.br\/wp-content\/uploads\/2023\/05\/Dia-do-Trabalhador-2-150x150.jpeg\" class=\"attachment-thumbnail size-thumbnail\" alt=\"\" \/><\/a>\n\t\t\t<\/dt><\/dl><dl class='gallery-item'>\n\t\t\t<dt class='gallery-icon landscape'>\n\t\t\t\t<a href='https:\/\/www.rochalog.com.br\/en\/rocha-comemora-o-dia-do-trabalhador-valorizando-a-dedicacao-do-seu-time\/dia-do-trabalhador-4-2\/#main'><img loading=\"lazy\" decoding=\"async\" width=\"150\" height=\"150\" src=\"https:\/\/www.rochalog.com.br\/wp-content\/uploads\/2023\/05\/Dia-do-Trabalhador-4-150x150.jpeg\" class=\"attachment-thumbnail size-thumbnail\" alt=\"\" \/><\/a>\n\t\t\t<\/dt><\/dl><dl class='gallery-item'>\n\t\t\t<dt class='gallery-icon landscape'>\n\t\t\t\t<a href='https:\/\/www.rochalog.com.br\/en\/rocha-comemora-o-dia-do-trabalhador-valorizando-a-dedicacao-do-seu-time\/dia-do-trabalhador-5-2\/#main'><img loading=\"lazy\" decoding=\"async\" width=\"150\" height=\"150\" src=\"https:\/\/www.rochalog.com.br\/wp-content\/uploads\/2023\/05\/Dia-do-Trabalhador-5-150x150.jpeg\" class=\"attachment-thumbnail size-thumbnail\" alt=\"\" \/><\/a>\n\t\t\t<\/dt><\/dl><br style=\"clear: both\" \/><dl class='gallery-item'>\n\t\t\t<dt class='gallery-icon landscape'>\n\t\t\t\t<a href='https:\/\/www.rochalog.com.br\/en\/rocha-comemora-o-dia-do-trabalhador-valorizando-a-dedicacao-do-seu-time\/dia-do-trabalhador-9-2\/#main'><img loading=\"lazy\" decoding=\"async\" width=\"150\" height=\"150\" src=\"https:\/\/www.rochalog.com.br\/wp-content\/uploads\/2023\/05\/Dia-do-Trabalhador-9-150x150.jpeg\" class=\"attachment-thumbnail size-thumbnail\" alt=\"\" \/><\/a>\n\t\t\t<\/dt><\/dl><dl class='gallery-item'>\n\t\t\t<dt class='gallery-icon landscape'>\n\t\t\t\t<a href='https:\/\/www.rochalog.com.br\/en\/rocha-comemora-o-dia-do-trabalhador-valorizando-a-dedicacao-do-seu-time\/dia-do-trabalhador-10-2\/#main'><img loading=\"lazy\" decoding=\"async\" width=\"150\" height=\"150\" src=\"https:\/\/www.rochalog.com.br\/wp-content\/uploads\/2023\/05\/Dia-do-Trabalhador-10-150x150.jpeg\" class=\"attachment-thumbnail size-thumbnail\" alt=\"\" \/><\/a>\n\t\t\t<\/dt><\/dl><dl class='gallery-item'>\n\t\t\t<dt class='gallery-icon portrait'>\n\t\t\t\t<a href='https:\/\/www.rochalog.com.br\/en\/rocha-comemora-o-dia-do-trabalhador-valorizando-a-dedicacao-do-seu-time\/dia-do-trabalhador-11-2\/#main'><img loading=\"lazy\" decoding=\"async\" width=\"150\" height=\"150\" src=\"https:\/\/www.rochalog.com.br\/wp-content\/uploads\/2023\/05\/Dia-do-Trabalhador-11-150x150.jpeg\" class=\"attachment-thumbnail size-thumbnail\" alt=\"\" \/><\/a>\n\t\t\t<\/dt><\/dl><dl class='gallery-item'>\n\t\t\t<dt class='gallery-icon portrait'>\n\t\t\t\t<a href='https:\/\/www.rochalog.com.br\/en\/rocha-comemora-o-dia-do-trabalhador-valorizando-a-dedicacao-do-seu-time\/dia-do-trabalhador-13-2\/#main'><img loading=\"lazy\" decoding=\"async\" width=\"150\" height=\"150\" src=\"https:\/\/www.rochalog.com.br\/wp-content\/uploads\/2023\/05\/Dia-do-Trabalhador-13-150x150.jpeg\" class=\"attachment-thumbnail size-thumbnail\" alt=\"\" \/><\/a>\n\t\t\t<\/dt><\/dl><br style=\"clear: both\" \/><dl class='gallery-item'>\n\t\t\t<dt class='gallery-icon landscape'>\n\t\t\t\t<a href='https:\/\/www.rochalog.com.br\/en\/rocha-comemora-o-dia-do-trabalhador-valorizando-a-dedicacao-do-seu-time\/dia-do-trabalhador-14-2\/#main'><img loading=\"lazy\" decoding=\"async\" width=\"150\" height=\"150\" src=\"https:\/\/www.rochalog.com.br\/wp-content\/uploads\/2023\/05\/Dia-do-Trabalhador-14-150x150.jpeg\" class=\"attachment-thumbnail size-thumbnail\" alt=\"\" \/><\/a>\n\t\t\t<\/dt><\/dl><dl class='gallery-item'>\n\t\t\t<dt class='gallery-icon landscape'>\n\t\t\t\t<a href='https:\/\/www.rochalog.com.br\/en\/rocha-comemora-o-dia-do-trabalhador-valorizando-a-dedicacao-do-seu-time\/dia-do-trabalhador-17-2\/#main'><img loading=\"lazy\" decoding=\"async\" width=\"150\" height=\"150\" src=\"https:\/\/www.rochalog.com.br\/wp-content\/uploads\/2023\/05\/Dia-do-Trabalhador-17-150x150.jpeg\" class=\"attachment-thumbnail size-thumbnail\" alt=\"\" \/><\/a>\n\t\t\t<\/dt><\/dl><dl class='gallery-item'>\n\t\t\t<dt class='gallery-icon landscape'>\n\t\t\t\t<a href='https:\/\/www.rochalog.com.br\/en\/rocha-comemora-o-dia-do-trabalhador-valorizando-a-dedicacao-do-seu-time\/dia-do-trabalhador-18-2\/#main'><img loading=\"lazy\" decoding=\"async\" width=\"150\" height=\"150\" src=\"https:\/\/www.rochalog.com.br\/wp-content\/uploads\/2023\/05\/Dia-do-Trabalhador-18-150x150.jpeg\" class=\"attachment-thumbnail size-thumbnail\" alt=\"\" \/><\/a>\n\t\t\t<\/dt><\/dl><dl class='gallery-item'>\n\t\t\t<dt class='gallery-icon landscape'>\n\t\t\t\t<a href='https:\/\/www.rochalog.com.br\/en\/rocha-comemora-o-dia-do-trabalhador-valorizando-a-dedicacao-do-seu-time\/dia-do-trabalhador-20-2\/#main'><img loading=\"lazy\" decoding=\"async\" width=\"150\" height=\"150\" src=\"https:\/\/www.rochalog.com.br\/wp-content\/uploads\/2023\/05\/Dia-do-Trabalhador-20-150x150.jpeg\" class=\"attachment-thumbnail size-thumbnail\" alt=\"\" \/><\/a>\n\t\t\t<\/dt><\/dl><br style=\"clear: both\" \/><dl class='gallery-item'>\n\t\t\t<dt class='gallery-icon landscape'>\n\t\t\t\t<a href='https:\/\/www.rochalog.com.br\/en\/rocha-comemora-o-dia-do-trabalhador-valorizando-a-dedicacao-do-seu-time\/dia-do-trabalhador-26\/#main'><img loading=\"lazy\" decoding=\"async\" width=\"150\" height=\"150\" src=\"https:\/\/www.rochalog.com.br\/wp-content\/uploads\/2023\/05\/Dia-do-Trabalhador-26-150x150.jpeg\" class=\"attachment-thumbnail size-thumbnail\" alt=\"\" \/><\/a>\n\t\t\t<\/dt><\/dl><dl class='gallery-item'>\n\t\t\t<dt class='gallery-icon landscape'>\n\t\t\t\t<a href='https:\/\/www.rochalog.com.br\/en\/rocha-comemora-o-dia-do-trabalhador-valorizando-a-dedicacao-do-seu-time\/dia-do-trabalhador-15-2\/#main'><img loading=\"lazy\" decoding=\"async\" width=\"150\" height=\"150\" src=\"https:\/\/www.rochalog.com.br\/wp-content\/uploads\/2023\/05\/Dia-do-Trabalhador-15-150x150.jpeg\" class=\"attachment-thumbnail size-thumbnail\" alt=\"\" \/><\/a>\n\t\t\t<\/dt><\/dl>\n\t\t\t<br style='clear: both' \/>\n\t\t<\/div>\n\n<h5>Rio Grande<\/h5>\n\n\t\t<style type=\"text\/css\">\n\t\t\t#gallery-2 {\n\t\t\t\tmargin: auto;\n\t\t\t}\n\t\t\t#gallery-2 .gallery-item {\n\t\t\t\tfloat: left;\n\t\t\t\tmargin-top: 10px;\n\t\t\t\ttext-align: center;\n\t\t\t\twidth: 33%;\n\t\t\t}\n\t\t\t#gallery-2 img {\n\t\t\t\tborder: 2px solid #cfcfcf;\n\t\t\t}\n\t\t\t#gallery-2 .gallery-caption {\n\t\t\t\tmargin-left: 0;\n\t\t\t}\n\t\t\t\/* see gallery_shortcode() in wp-includes\/media.php *\/\n\t\t<\/style>\n\t\t<div id='gallery-2' class='gallery galleryid-9100 gallery-columns-3 gallery-size-thumbnail'><dl class='gallery-item'>\n\t\t\t<dt class='gallery-icon portrait'>\n\t\t\t\t<a href='https:\/\/www.rochalog.com.br\/en\/rocha-comemora-o-dia-do-trabalhador-valorizando-a-dedicacao-do-seu-time\/dia-do-trabalhador-22\/#main'><img loading=\"lazy\" decoding=\"async\" width=\"150\" height=\"150\" src=\"https:\/\/www.rochalog.com.br\/wp-content\/uploads\/2023\/05\/Dia-do-Trabalhador-22-150x150.jpeg\" class=\"attachment-thumbnail size-thumbnail\" alt=\"\" \/><\/a>\n\t\t\t<\/dt><\/dl><dl class='gallery-item'>\n\t\t\t<dt class='gallery-icon portrait'>\n\t\t\t\t<a href='https:\/\/www.rochalog.com.br\/en\/rocha-comemora-o-dia-do-trabalhador-valorizando-a-dedicacao-do-seu-time\/dia-do-trabalhador-21\/#main'><img loading=\"lazy\" decoding=\"async\" width=\"150\" height=\"150\" src=\"https:\/\/www.rochalog.com.br\/wp-content\/uploads\/2023\/05\/Dia-do-Trabalhador-21-150x150.jpeg\" class=\"attachment-thumbnail size-thumbnail\" alt=\"\" \/><\/a>\n\t\t\t<\/dt><\/dl><dl class='gallery-item'>\n\t\t\t<dt class='gallery-icon landscape'>\n\t\t\t\t<a href='https:\/\/www.rochalog.com.br\/en\/rocha-comemora-o-dia-do-trabalhador-valorizando-a-dedicacao-do-seu-time\/dia-do-trabalhador-25\/#main'><img loading=\"lazy\" decoding=\"async\" width=\"150\" height=\"150\" src=\"https:\/\/www.rochalog.com.br\/wp-content\/uploads\/2023\/05\/Dia-do-Trabalhador-25-150x150.jpeg\" class=\"attachment-thumbnail size-thumbnail\" alt=\"\" \/><\/a>\n\t\t\t<\/dt><\/dl><br style=\"clear: both\" \/><dl class='gallery-item'>\n\t\t\t<dt class='gallery-icon portrait'>\n\t\t\t\t<a href='https:\/\/www.rochalog.com.br\/en\/rocha-comemora-o-dia-do-trabalhador-valorizando-a-dedicacao-do-seu-time\/dia-do-trabalhador-24\/#main'><img loading=\"lazy\" decoding=\"async\" width=\"150\" height=\"150\" src=\"https:\/\/www.rochalog.com.br\/wp-content\/uploads\/2023\/05\/Dia-do-Trabalhador-24-150x150.jpeg\" class=\"attachment-thumbnail size-thumbnail\" alt=\"\" \/><\/a>\n\t\t\t<\/dt><\/dl><dl class='gallery-item'>\n\t\t\t<dt class='gallery-icon portrait'>\n\t\t\t\t<a href='https:\/\/www.rochalog.com.br\/en\/rocha-comemora-o-dia-do-trabalhador-valorizando-a-dedicacao-do-seu-time\/dia-do-trabalhador-23\/#main'><img loading=\"lazy\" decoding=\"async\" width=\"150\" height=\"150\" src=\"https:\/\/www.rochalog.com.br\/wp-content\/uploads\/2023\/05\/Dia-do-Trabalhador-23-150x150.jpeg\" class=\"attachment-thumbnail size-thumbnail\" alt=\"\" srcset=\"https:\/\/www.rochalog.com.br\/wp-content\/uploads\/2023\/05\/Dia-do-Trabalhador-23-150x150.jpeg 150w, https:\/\/www.rochalog.com.br\/wp-content\/uploads\/2023\/05\/Dia-do-Trabalhador-23-12x12.jpeg 12w\" sizes=\"auto, (max-width: 150px) 100vw, 150px\" \/><\/a>\n\t\t\t<\/dt><\/dl>\n\t\t\t<br style='clear: both' \/>\n\t\t<\/div>\n\n<h5>S\u00e3o Francisco do Sul<\/h5>\n\n\t\t<style type=\"text\/css\">\n\t\t\t#gallery-3 {\n\t\t\t\tmargin: auto;\n\t\t\t}\n\t\t\t#gallery-3 .gallery-item {\n\t\t\t\tfloat: left;\n\t\t\t\tmargin-top: 10px;\n\t\t\t\ttext-align: center;\n\t\t\t\twidth: 25%;\n\t\t\t}\n\t\t\t#gallery-3 img {\n\t\t\t\tborder: 2px solid #cfcfcf;\n\t\t\t}\n\t\t\t#gallery-3 .gallery-caption {\n\t\t\t\tmargin-left: 0;\n\t\t\t}\n\t\t\t\/* see gallery_shortcode() in wp-includes\/media.php *\/\n\t\t<\/style>\n\t\t<div id='gallery-3' class='gallery galleryid-9100 gallery-columns-4 gallery-size-thumbnail'><dl class='gallery-item'>\n\t\t\t<dt class='gallery-icon landscape'>\n\t\t\t\t<a href='https:\/\/www.rochalog.com.br\/en\/rocha-comemora-o-dia-do-trabalhador-valorizando-a-dedicacao-do-seu-time\/dia-do-trabalhador-19-2\/#main'><img loading=\"lazy\" decoding=\"async\" width=\"150\" height=\"150\" src=\"https:\/\/www.rochalog.com.br\/wp-content\/uploads\/2023\/05\/Dia-do-Trabalhador-19-150x150.jpeg\" class=\"attachment-thumbnail size-thumbnail\" alt=\"\" \/><\/a>\n\t\t\t<\/dt><\/dl><dl class='gallery-item'>\n\t\t\t<dt class='gallery-icon landscape'>\n\t\t\t\t<a href='https:\/\/www.rochalog.com.br\/en\/rocha-comemora-o-dia-do-trabalhador-valorizando-a-dedicacao-do-seu-time\/dia-do-trabalhador-16-2\/#main'><img loading=\"lazy\" decoding=\"async\" width=\"150\" height=\"150\" src=\"https:\/\/www.rochalog.com.br\/wp-content\/uploads\/2023\/05\/Dia-do-Trabalhador-16-150x150.jpeg\" class=\"attachment-thumbnail size-thumbnail\" alt=\"\" \/><\/a>\n\t\t\t<\/dt><\/dl><dl class='gallery-item'>\n\t\t\t<dt class='gallery-icon landscape'>\n\t\t\t\t<a href='https:\/\/www.rochalog.com.br\/en\/rocha-comemora-o-dia-do-trabalhador-valorizando-a-dedicacao-do-seu-time\/dia-do-trabalhador-12-2\/#main'><img loading=\"lazy\" decoding=\"async\" width=\"150\" height=\"150\" src=\"https:\/\/www.rochalog.com.br\/wp-content\/uploads\/2023\/05\/Dia-do-Trabalhador-12-150x150.jpeg\" class=\"attachment-thumbnail size-thumbnail\" alt=\"\" \/><\/a>\n\t\t\t<\/dt><\/dl><dl class='gallery-item'>\n\t\t\t<dt class='gallery-icon landscape'>\n\t\t\t\t<a href='https:\/\/www.rochalog.com.br\/en\/rocha-comemora-o-dia-do-trabalhador-valorizando-a-dedicacao-do-seu-time\/dia-do-trabalhador-7-2\/#main'><img loading=\"lazy\" decoding=\"async\" width=\"150\" height=\"150\" src=\"https:\/\/www.rochalog.com.br\/wp-content\/uploads\/2023\/05\/Dia-do-Trabalhador-7-150x150.jpeg\" class=\"attachment-thumbnail size-thumbnail\" alt=\"\" \/><\/a>\n\t\t\t<\/dt><\/dl><br style=\"clear: both\" \/><dl class='gallery-item'>\n\t\t\t<dt class='gallery-icon landscape'>\n\t\t\t\t<a href='https:\/\/www.rochalog.com.br\/en\/rocha-comemora-o-dia-do-trabalhador-valorizando-a-dedicacao-do-seu-time\/dia-do-trabalhador-6-2\/#main'><img loading=\"lazy\" decoding=\"async\" width=\"150\" height=\"150\" src=\"https:\/\/www.rochalog.com.br\/wp-content\/uploads\/2023\/05\/Dia-do-Trabalhador-6-150x150.jpeg\" class=\"attachment-thumbnail size-thumbnail\" alt=\"\" \/><\/a>\n\t\t\t<\/dt><\/dl><dl class='gallery-item'>\n\t\t\t<dt class='gallery-icon portrait'>\n\t\t\t\t<a href='https:\/\/www.rochalog.com.br\/en\/rocha-comemora-o-dia-do-trabalhador-valorizando-a-dedicacao-do-seu-time\/whatsapp-image-2023-04-28-at-09-05-41\/#main'><img loading=\"lazy\" decoding=\"async\" width=\"150\" height=\"150\" src=\"https:\/\/www.rochalog.com.br\/wp-content\/uploads\/2023\/05\/WhatsApp-Image-2023-04-28-at-09.05.41-150x150.jpeg\" class=\"attachment-thumbnail size-thumbnail\" alt=\"\" \/><\/a>\n\t\t\t<\/dt><\/dl><dl class='gallery-item'>\n\t\t\t<dt class='gallery-icon portrait'>\n\t\t\t\t<a href='https:\/\/www.rochalog.com.br\/en\/rocha-comemora-o-dia-do-trabalhador-valorizando-a-dedicacao-do-seu-time\/whatsapp-image-2023-04-28-at-09-05-29\/#main'><img loading=\"lazy\" decoding=\"async\" width=\"150\" height=\"150\" src=\"https:\/\/www.rochalog.com.br\/wp-content\/uploads\/2023\/05\/WhatsApp-Image-2023-04-28-at-09.05.29-150x150.jpeg\" class=\"attachment-thumbnail size-thumbnail\" alt=\"\" \/><\/a>\n\t\t\t<\/dt><\/dl>\n\t\t\t<br style='clear: both' \/>\n\t\t<\/div>\n\n<p>Muito obrigado aos colaboradores da ROCHA por toda dedica\u00e7\u00e3o, for\u00e7a e compromisso, pois com isso, voc\u00eas s\u00e3o capazes de transformar nosso mundo.<\/p>\n<h4><span style=\"color: #f58220;\">Sobre a ROCHA<\/span><\/h4>\n<p>Ao longo de mais de 159 anos, constru\u00edmos uma hist\u00f3ria fundamentada na \u00e9tica, profissionalismo e reconhecimento do trabalho dos nossos colaboradores e parceiros, sendo referenciada como uma das principais e mais modernas empresas do setor de log\u00edstica portu\u00e1ria do pa\u00eds.<\/p>\n<p>Nossos servi\u00e7os de destaque s\u00e3o movimenta\u00e7\u00e3o e armazenagem de gran\u00e9is s\u00f3lidos e l\u00edquidos, de importa\u00e7\u00e3o e exporta\u00e7\u00e3o, produtos sider\u00fargicos, celulose, cargas gerais conteinerizadas e big bags, bem como cargas de projeto.<\/p>\n<p><a href=\"https:\/\/www.rochalog.com.br\/en\/quem-somos\/\">Click here<\/a> para conhecer mais sobre a empresa.<\/p>\n<p>Acompanhe a ROCHA nas redes sociais para ficar por dentro de todas as atualiza\u00e7\u00f5es: <a href=\"https:\/\/www.facebook.com\/RochaLOG\/\">Facebook<\/a> | <a href=\"https:\/\/www.instagram.com\/rocha_log\/\">Instagram<\/a> | <a href=\"https:\/\/www.linkedin.com\/company\/rocha-terminais-portuarios-logistica\">LinkedIn<\/a><\/p>","protected":false},"excerpt":{"rendered":"<p>O Dia do Trabalhador \u00e9 uma data totalmente voltada para a celebra\u00e7\u00e3o dos trabalhadores e da dedica\u00e7\u00e3o deles ao trabalho [&hellip;]<\/p>","protected":false},"author":2,"featured_media":9102,"comment_status":"open","ping_status":"open","sticky":false,"template":"","format":"standard","meta":{"_jetpack_memberships_contains_paid_content":false,"footnotes":""},"categories":[144,34,10],"tags":[],"class_list":{"0":"post-9100","1":"post","2":"type-post","3":"status-publish","4":"format-standard","5":"has-post-thumbnail","6":"hentry","7":"category-conteudo","8":"category-eventos","9":"category-news","11":"post-with-thumbnail","12":"post-with-thumbnail-large"},"aioseo_notices":[],"jetpack_featured_media_url":"https:\/\/www.rochalog.com.br\/wp-content\/uploads\/2023\/05\/af_Rocha_DiaDoTrabalhador_Blog_01a.png","jetpack_sharing_enabled":true,"_links":{"self":[{"href":"https:\/\/www.rochalog.com.br\/en\/wp-json\/wp\/v2\/posts\/9100","targetHints":{"allow":["GET"]}}],"collection":[{"href":"https:\/\/www.rochalog.com.br\/en\/wp-json\/wp\/v2\/posts"}],"about":[{"href":"https:\/\/www.rochalog.com.br\/en\/wp-json\/wp\/v2\/types\/post"}],"author":[{"embeddable":true,"href":"https:\/\/www.rochalog.com.br\/en\/wp-json\/wp\/v2\/users\/2"}],"replies":[{"embeddable":true,"href":"https:\/\/www.rochalog.com.br\/en\/wp-json\/wp\/v2\/comments?post=9100"}],"version-history":[{"count":0,"href":"https:\/\/www.rochalog.com.br\/en\/wp-json\/wp\/v2\/posts\/9100\/revisions"}],"wp:featuredmedia":[{"embeddable":true,"href":"https:\/\/www.rochalog.com.br\/en\/wp-json\/wp\/v2\/media\/9102"}],"wp:attachment":[{"href":"https:\/\/www.rochalog.com.br\/en\/wp-json\/wp\/v2\/media?parent=9100"}],"wp:term":[{"taxonomy":"category","embeddable":true,"href":"https:\/\/www.rochalog.com.br\/en\/wp-json\/wp\/v2\/categories?post=9100"},{"taxonomy":"post_tag","embeddable":true,"href":"https:\/\/www.rochalog.com.br\/en\/wp-json\/wp\/v2\/tags?post=9100"}],"curies":[{"name":"wp","href":"https:\/\/api.w.org\/{rel}","templated":true}]}}