{"id":8999,"date":"2023-02-10T16:44:41","date_gmt":"2023-02-10T19:44:41","guid":{"rendered":"https:\/\/www.rochalog.com.br\/?p=8999"},"modified":"2023-02-10T16:44:41","modified_gmt":"2023-02-10T19:44:41","slug":"unidade-de-rio-grande-fortalece-estrutura-organizacional-com-contratacao-de-diretor-comercial-e-de-relacoes-institucionais","status":"publish","type":"post","link":"https:\/\/www.rochalog.com.br\/en\/unidade-de-rio-grande-fortalece-estrutura-organizacional-com-contratacao-de-diretor-comercial-e-de-relacoes-institucionais\/","title":{"rendered":"UNIDADE DE RIO GRANDE FORTALECE ESTRUTURA ORGANIZACIONAL COM CONTRATA\u00c7\u00c3O DE DIRETOR COMERCIAL E DE RELA\u00c7\u00d5ES INSTITUCIONAIS"},"content":{"rendered":"<p style=\"text-align: justify;\"><img loading=\"lazy\" decoding=\"async\" class=\"aligncenter wp-image-9011 size-large\" src=\"https:\/\/www.rochalog.com.br\/wp-content\/uploads\/2023\/02\/af_Rocha_FatoRelevante_Blog_01a-2-1024x639.png\" alt=\"unidade de rio grande\" width=\"720\" height=\"449\" srcset=\"https:\/\/www.rochalog.com.br\/wp-content\/uploads\/2023\/02\/af_Rocha_FatoRelevante_Blog_01a-2-1024x639.png 1024w, https:\/\/www.rochalog.com.br\/wp-content\/uploads\/2023\/02\/af_Rocha_FatoRelevante_Blog_01a-2-300x187.png 300w, https:\/\/www.rochalog.com.br\/wp-content\/uploads\/2023\/02\/af_Rocha_FatoRelevante_Blog_01a-2-768x479.png 768w, https:\/\/www.rochalog.com.br\/wp-content\/uploads\/2023\/02\/af_Rocha_FatoRelevante_Blog_01a-2-1536x958.png 1536w, https:\/\/www.rochalog.com.br\/wp-content\/uploads\/2023\/02\/af_Rocha_FatoRelevante_Blog_01a-2-18x12.png 18w, https:\/\/www.rochalog.com.br\/wp-content\/uploads\/2023\/02\/af_Rocha_FatoRelevante_Blog_01a-2-436x272.png 436w, https:\/\/www.rochalog.com.br\/wp-content\/uploads\/2023\/02\/af_Rocha_FatoRelevante_Blog_01a-2.png 1744w\" sizes=\"auto, (max-width: 720px) 100vw, 720px\" \/><\/p>\n<p style=\"text-align: justify;\">A <strong>Rocha RS Terminais Portu\u00e1rios e Log\u00edstica S.A.<\/strong> anuncia que com o objetivo de fortalecer cada vez mais a estrutura organizacional da Companhia e dando seguimento ao plano de estrutura\u00e7\u00e3o e fortalecimento da gest\u00e3o da Rocha, seu Conselho de Administra\u00e7\u00e3o aprovou a partir de 23\/01 o cargo de diretor comercial e de rela\u00e7\u00f5es institucionais, assumido por David Augusto Lehn.<\/p>\n<p style=\"text-align: justify;\"><strong>David conta com uma experi\u00eancia de mais de 20 anos em Supply Chain Nacional e Internacional, Planejamento e Projetos Estrat\u00e9gicos, al\u00e9m de experi\u00eancia com agroneg\u00f3cio e opera\u00e7\u00f5es de importa\u00e7\u00e3o e exporta\u00e7\u00e3o<\/strong> passando por empresas nacionais de grande porte e multinacionais. Possui gradua\u00e7\u00e3o em Fluxos Mar\u00edtimos Globais pela Cambrigde Academy of Transport (Inglaterra), Gradua\u00e7\u00e3o em Administra\u00e7\u00e3o de Empresas pela PUC-RS e MBA em Administra\u00e7\u00e3o e Gest\u00e3o de Neg\u00f3cios pela Funda\u00e7\u00e3o Dom Cabral. David com sua <strong>vasta experi\u00eancia no mercado de fertilizantes e agroneg\u00f3cio<\/strong>, integra ao time da ROCHA RS para <strong>gerar maior conex\u00e3o e satisfa\u00e7\u00e3o dos nossos clientes e stakeholders. Seu principal desafio ser\u00e1 desenvolver e atuar no planejamento de neg\u00f3cio, garantindo crescimento robusto, competitivo e sustent\u00e1vel na unidade de Rio Grande, e ter\u00e1 sob sua responsabilidade a \u00e1rea comercial<\/strong>.<\/p>\n<p style=\"text-align: justify;\">Em Rio Grande a Rocha RS conta com uma equipe seleta, de comprovada experi\u00eancia e que garantir\u00e1 a continuidade do bom relacionamento com seus clientes, a alta performance e a m\u00e1xima transpar\u00eancia e qualidade nas Opera\u00e7\u00f5es Portu\u00e1rias.<\/p>\n<p style=\"text-align: justify;\">Rio Grande, 23 de janeiro de 2023.<\/p>\n<p style=\"text-align: justify;\">\n<p style=\"text-align: justify;\">Atenciosamente,<\/p>\n<p style=\"text-align: justify;\">ROCHA RS TERMINAIS PORTU\u00c1RIOS E LOG\u00cdSTICA S.A.<\/p>","protected":false},"excerpt":{"rendered":"<p>A Rocha RS Terminais Portu\u00e1rios e Log\u00edstica S.A. anuncia que com o objetivo de fortalecer cada vez mais a estrutura [&hellip;]<\/p>\n","protected":false},"author":2,"featured_media":9011,"comment_status":"open","ping_status":"open","sticky":false,"template":"","format":"standard","meta":{"_jetpack_newsletter_access":"","_jetpack_dont_email_post_to_subs":false,"_jetpack_newsletter_tier_id":0,"_jetpack_memberships_contains_paywalled_content":false,"_jetpack_memberships_contains_paid_content":false,"footnotes":""},"categories":[35,10],"tags":[209],"class_list":["post-8999","post","type-post","status-publish","format-standard","has-post-thumbnail","hentry","category-comunicados","category-news","tag-rio-grande","post-with-thumbnail","post-with-thumbnail-large"],"aioseo_notices":[],"aioseo_head":"\n\t\t<!-- All in One SEO 5.0.0.1 - aioseo.com -->\n\t<meta name=\"robots\" content=\"max-image-preview:large\" \/>\n\t<meta name=\"author\" content=\"Rocha\"\/>\n\t<meta name=\"keywords\" content=\"rio grande\" \/>\n\t<link rel=\"canonical\" href=\"https:\/\/www.rochalog.com.br\/en\/unidade-de-rio-grande-fortalece-estrutura-organizacional-com-contratacao-de-diretor-comercial-e-de-relacoes-institucionais\/\" \/>\n\t<meta name=\"generator\" content=\"All in One SEO (AIOSEO) 5.0.0.1\" \/>\n\t\t<meta property=\"og:locale\" content=\"en_US\" \/>\n\t\t<meta property=\"og:site_name\" content=\"Rocha | Terminais Portu\u00e1rios e Log\u00edstica\" \/>\n\t\t<meta property=\"og:type\" content=\"article\" \/>\n\t\t<meta property=\"og:title\" content=\"UNIDADE DE RIO GRANDE FORTALECE ESTRUTURA ORGANIZACIONAL COM CONTRATA\u00c7\u00c3O DE DIRETOR COMERCIAL E DE RELA\u00c7\u00d5ES INSTITUCIONAIS\" \/>\n\t\t<meta property=\"og:url\" content=\"https:\/\/www.rochalog.com.br\/en\/unidade-de-rio-grande-fortalece-estrutura-organizacional-com-contratacao-de-diretor-comercial-e-de-relacoes-institucionais\/\" \/>\n\t\t<meta property=\"og:image\" content=\"https:\/\/www.rochalog.com.br\/wp-content\/uploads\/2023\/02\/af_Rocha_FatoRelevante_Blog_01a-2.png\" \/>\n\t\t<meta property=\"og:image:secure_url\" content=\"https:\/\/www.rochalog.com.br\/wp-content\/uploads\/2023\/02\/af_Rocha_FatoRelevante_Blog_01a-2.png\" \/>\n\t\t<meta property=\"og:image:width\" content=\"1744\" \/>\n\t\t<meta property=\"og:image:height\" content=\"1088\" \/>\n\t\t<meta property=\"article:published_time\" content=\"2023-02-10T19:44:41+00:00\" \/>\n\t\t<meta property=\"article:modified_time\" content=\"2023-02-10T19:44:41+00:00\" \/>\n\t\t<meta property=\"article:publisher\" content=\"https:\/\/www.facebook.com\/RochaLOG\" \/>\n\t\t<meta name=\"twitter:card\" content=\"summary\" \/>\n\t\t<meta name=\"twitter:site\" content=\"@rochalog\" \/>\n\t\t<meta name=\"twitter:title\" content=\"UNIDADE DE RIO GRANDE FORTALECE ESTRUTURA ORGANIZACIONAL COM CONTRATA\u00c7\u00c3O DE DIRETOR COMERCIAL E DE RELA\u00c7\u00d5ES INSTITUCIONAIS\" \/>\n\t\t<meta name=\"twitter:creator\" content=\"@rochalog\" \/>\n\t\t<meta name=\"twitter:image\" content=\"https:\/\/www.rochalog.com.br\/wp-content\/uploads\/2019\/04\/sgi_1.jpg\" \/>\n\t\t<script type=\"application\/ld+json\" class=\"aioseo-schema\">\n\t\t\t{\"@context\":\"https:\\\/\\\/schema.org\",\"@graph\":[{\"@type\":\"Article\",\"@id\":\"https:\\\/\\\/www.rochalog.com.br\\\/en\\\/unidade-de-rio-grande-fortalece-estrutura-organizacional-com-contratacao-de-diretor-comercial-e-de-relacoes-institucionais\\\/#article\",\"name\":\"UNIDADE DE RIO GRANDE FORTALECE ESTRUTURA ORGANIZACIONAL COM CONTRATA\\u00c7\\u00c3O DE DIRETOR COMERCIAL E DE RELA\\u00c7\\u00d5ES INSTITUCIONAIS\",\"headline\":\"UNIDADE DE RIO GRANDE FORTALECE ESTRUTURA ORGANIZACIONAL COM CONTRATA\\u00c7\\u00c3O DE DIRETOR COMERCIAL E DE RELA\\u00c7\\u00d5ES INSTITUCIONAIS\",\"author\":{\"@id\":\"https:\\\/\\\/www.rochalog.com.br\\\/en\\\/author\\\/rochalog\\\/#author\"},\"publisher\":{\"@id\":\"https:\\\/\\\/www.rochalog.com.br\\\/en\\\/#organization\"},\"image\":{\"@type\":\"ImageObject\",\"url\":\"https:\\\/\\\/www.rochalog.com.br\\\/wp-content\\\/uploads\\\/2023\\\/02\\\/af_Rocha_FatoRelevante_Blog_01a-2.png\",\"width\":1744,\"height\":1088,\"caption\":\"unidade de rio grande\"},\"datePublished\":\"2023-02-10T16:44:41-03:00\",\"dateModified\":\"2023-02-10T16:44:41-03:00\",\"inLanguage\":\"en-US\",\"mainEntityOfPage\":{\"@id\":\"https:\\\/\\\/www.rochalog.com.br\\\/en\\\/unidade-de-rio-grande-fortalece-estrutura-organizacional-com-contratacao-de-diretor-comercial-e-de-relacoes-institucionais\\\/#webpage\"},\"isPartOf\":{\"@id\":\"https:\\\/\\\/www.rochalog.com.br\\\/en\\\/unidade-de-rio-grande-fortalece-estrutura-organizacional-com-contratacao-de-diretor-comercial-e-de-relacoes-institucionais\\\/#webpage\"},\"articleSection\":\"Comunicados, News, rio grande\"},{\"@type\":\"BreadcrumbList\",\"@id\":\"https:\\\/\\\/www.rochalog.com.br\\\/en\\\/unidade-de-rio-grande-fortalece-estrutura-organizacional-com-contratacao-de-diretor-comercial-e-de-relacoes-institucionais\\\/#breadcrumblist\",\"itemListElement\":[{\"@type\":\"ListItem\",\"@id\":\"https:\\\/\\\/www.rochalog.com.br\\\/en#listItem\",\"position\":1,\"name\":\"In\\u00edcio\",\"item\":\"https:\\\/\\\/www.rochalog.com.br\\\/en\",\"nextItem\":{\"@type\":\"ListItem\",\"@id\":\"https:\\\/\\\/www.rochalog.com.br\\\/en\\\/category\\\/news\\\/#listItem\",\"name\":\"News\"}},{\"@type\":\"ListItem\",\"@id\":\"https:\\\/\\\/www.rochalog.com.br\\\/en\\\/category\\\/news\\\/#listItem\",\"position\":2,\"name\":\"News\",\"item\":\"https:\\\/\\\/www.rochalog.com.br\\\/en\\\/category\\\/news\\\/\",\"nextItem\":{\"@type\":\"ListItem\",\"@id\":\"https:\\\/\\\/www.rochalog.com.br\\\/en\\\/category\\\/news\\\/comunicados\\\/#listItem\",\"name\":\"Comunicados\"},\"previousItem\":{\"@type\":\"ListItem\",\"@id\":\"https:\\\/\\\/www.rochalog.com.br\\\/en#listItem\",\"name\":\"In\\u00edcio\"}},{\"@type\":\"ListItem\",\"@id\":\"https:\\\/\\\/www.rochalog.com.br\\\/en\\\/category\\\/news\\\/comunicados\\\/#listItem\",\"position\":3,\"name\":\"Comunicados\",\"item\":\"https:\\\/\\\/www.rochalog.com.br\\\/en\\\/category\\\/news\\\/comunicados\\\/\",\"nextItem\":{\"@type\":\"ListItem\",\"@id\":\"https:\\\/\\\/www.rochalog.com.br\\\/en\\\/unidade-de-rio-grande-fortalece-estrutura-organizacional-com-contratacao-de-diretor-comercial-e-de-relacoes-institucionais\\\/#listItem\",\"name\":\"UNIDADE DE RIO GRANDE FORTALECE ESTRUTURA ORGANIZACIONAL COM CONTRATA\\u00c7\\u00c3O DE DIRETOR COMERCIAL E DE RELA\\u00c7\\u00d5ES INSTITUCIONAIS\"},\"previousItem\":{\"@type\":\"ListItem\",\"@id\":\"https:\\\/\\\/www.rochalog.com.br\\\/en\\\/category\\\/news\\\/#listItem\",\"name\":\"News\"}},{\"@type\":\"ListItem\",\"@id\":\"https:\\\/\\\/www.rochalog.com.br\\\/en\\\/unidade-de-rio-grande-fortalece-estrutura-organizacional-com-contratacao-de-diretor-comercial-e-de-relacoes-institucionais\\\/#listItem\",\"position\":4,\"name\":\"UNIDADE DE RIO GRANDE FORTALECE ESTRUTURA ORGANIZACIONAL COM CONTRATA\\u00c7\\u00c3O DE DIRETOR COMERCIAL E DE RELA\\u00c7\\u00d5ES INSTITUCIONAIS\",\"previousItem\":{\"@type\":\"ListItem\",\"@id\":\"https:\\\/\\\/www.rochalog.com.br\\\/en\\\/category\\\/news\\\/comunicados\\\/#listItem\",\"name\":\"Comunicados\"}}]},{\"@type\":\"Organization\",\"@id\":\"https:\\\/\\\/www.rochalog.com.br\\\/en\\\/#organization\",\"name\":\"Rocha | Terminais Portu\\u00e1rios e Log\\u00edstica\",\"description\":\"Terminais Portu\\u00e1rios e Log\\u00edstica\",\"url\":\"https:\\\/\\\/www.rochalog.com.br\\\/en\\\/\",\"telephone\":\"+554134202300\",\"logo\":{\"@type\":\"ImageObject\",\"url\":\"https:\\\/\\\/www.rochalog.com.br\\\/wp-content\\\/uploads\\\/2019\\\/08\\\/logo_rocha_35.png\",\"@id\":\"https:\\\/\\\/www.rochalog.com.br\\\/en\\\/unidade-de-rio-grande-fortalece-estrutura-organizacional-com-contratacao-de-diretor-comercial-e-de-relacoes-institucionais\\\/#organizationLogo\",\"width\":243,\"height\":97},\"image\":{\"@id\":\"https:\\\/\\\/www.rochalog.com.br\\\/en\\\/unidade-de-rio-grande-fortalece-estrutura-organizacional-com-contratacao-de-diretor-comercial-e-de-relacoes-institucionais\\\/#organizationLogo\"},\"sameAs\":[\"https:\\\/\\\/www.facebook.com\\\/RochaLOG\",\"https:\\\/\\\/twitter.com\\\/rochalog\",\"https:\\\/\\\/www.instagram.com\\\/rocha_log\\\/\",\"https:\\\/\\\/www.youtube.com\\\/channel\\\/UCwHPuIcaL2l50SZ3UhuCDLg\",\"https:\\\/\\\/pt.linkedin.com\\\/company\\\/rocha-top-terminais-e-operadores-portu-rios-sa\"]},{\"@type\":\"Person\",\"@id\":\"https:\\\/\\\/www.rochalog.com.br\\\/en\\\/author\\\/rochalog\\\/#author\",\"url\":\"https:\\\/\\\/www.rochalog.com.br\\\/en\\\/author\\\/rochalog\\\/\",\"name\":\"Rocha\",\"image\":{\"@type\":\"ImageObject\",\"@id\":\"https:\\\/\\\/www.rochalog.com.br\\\/en\\\/unidade-de-rio-grande-fortalece-estrutura-organizacional-com-contratacao-de-diretor-comercial-e-de-relacoes-institucionais\\\/#authorImage\",\"url\":\"https:\\\/\\\/secure.gravatar.com\\\/avatar\\\/cf63cf95b2eef461bc9cba96c2d470de2931f88f3be23dbeb70918b712a5d8df?s=96&d=mm&r=g\",\"width\":96,\"height\":96,\"caption\":\"Rocha\"}},{\"@type\":\"WebPage\",\"@id\":\"https:\\\/\\\/www.rochalog.com.br\\\/en\\\/unidade-de-rio-grande-fortalece-estrutura-organizacional-com-contratacao-de-diretor-comercial-e-de-relacoes-institucionais\\\/#webpage\",\"url\":\"https:\\\/\\\/www.rochalog.com.br\\\/en\\\/unidade-de-rio-grande-fortalece-estrutura-organizacional-com-contratacao-de-diretor-comercial-e-de-relacoes-institucionais\\\/\",\"name\":\"UNIDADE DE RIO GRANDE FORTALECE ESTRUTURA ORGANIZACIONAL COM CONTRATA\\u00c7\\u00c3O DE DIRETOR COMERCIAL E DE RELA\\u00c7\\u00d5ES INSTITUCIONAIS\",\"inLanguage\":\"en-US\",\"isPartOf\":{\"@id\":\"https:\\\/\\\/www.rochalog.com.br\\\/en\\\/#website\"},\"breadcrumb\":{\"@id\":\"https:\\\/\\\/www.rochalog.com.br\\\/en\\\/unidade-de-rio-grande-fortalece-estrutura-organizacional-com-contratacao-de-diretor-comercial-e-de-relacoes-institucionais\\\/#breadcrumblist\"},\"author\":{\"@id\":\"https:\\\/\\\/www.rochalog.com.br\\\/en\\\/author\\\/rochalog\\\/#author\"},\"creator\":{\"@id\":\"https:\\\/\\\/www.rochalog.com.br\\\/en\\\/author\\\/rochalog\\\/#author\"},\"image\":{\"@type\":\"ImageObject\",\"url\":\"https:\\\/\\\/www.rochalog.com.br\\\/wp-content\\\/uploads\\\/2023\\\/02\\\/af_Rocha_FatoRelevante_Blog_01a-2.png\",\"@id\":\"https:\\\/\\\/www.rochalog.com.br\\\/en\\\/unidade-de-rio-grande-fortalece-estrutura-organizacional-com-contratacao-de-diretor-comercial-e-de-relacoes-institucionais\\\/#mainImage\",\"width\":1744,\"height\":1088,\"caption\":\"unidade de rio grande\"},\"primaryImageOfPage\":{\"@id\":\"https:\\\/\\\/www.rochalog.com.br\\\/en\\\/unidade-de-rio-grande-fortalece-estrutura-organizacional-com-contratacao-de-diretor-comercial-e-de-relacoes-institucionais\\\/#mainImage\"},\"datePublished\":\"2023-02-10T16:44:41-03:00\",\"dateModified\":\"2023-02-10T16:44:41-03:00\"},{\"@type\":\"WebSite\",\"@id\":\"https:\\\/\\\/www.rochalog.com.br\\\/en\\\/#website\",\"url\":\"https:\\\/\\\/www.rochalog.com.br\\\/en\\\/\",\"name\":\"Rocha\",\"description\":\"Terminais Portu\\u00e1rios e Log\\u00edstica\",\"inLanguage\":\"en-US\",\"publisher\":{\"@id\":\"https:\\\/\\\/www.rochalog.com.br\\\/en\\\/#organization\"}}]}\n\t\t<\/script>\n\t\t<!-- All in One SEO -->\n\n","aioseo_head_json":{"title":"UNIDADE DE RIO GRANDE FORTALECE ESTRUTURA ORGANIZACIONAL COM CONTRATA\u00c7\u00c3O DE DIRETOR COMERCIAL E DE RELA\u00c7\u00d5ES INSTITUCIONAIS","description":"","canonical_url":"https:\/\/www.rochalog.com.br\/en\/unidade-de-rio-grande-fortalece-estrutura-organizacional-com-contratacao-de-diretor-comercial-e-de-relacoes-institucionais\/","robots":"max-image-preview:large","keywords":"rio grande","webmasterTools":{"miscellaneous":""},"schema":{"@context":"https:\/\/schema.org","@graph":[{"@type":"Article","@id":"https:\/\/www.rochalog.com.br\/en\/unidade-de-rio-grande-fortalece-estrutura-organizacional-com-contratacao-de-diretor-comercial-e-de-relacoes-institucionais\/#article","name":"UNIDADE DE RIO GRANDE FORTALECE ESTRUTURA ORGANIZACIONAL COM CONTRATA\u00c7\u00c3O DE DIRETOR COMERCIAL E DE RELA\u00c7\u00d5ES INSTITUCIONAIS","headline":"UNIDADE DE RIO GRANDE FORTALECE ESTRUTURA ORGANIZACIONAL COM CONTRATA\u00c7\u00c3O DE DIRETOR COMERCIAL E DE RELA\u00c7\u00d5ES INSTITUCIONAIS","author":{"@id":"https:\/\/www.rochalog.com.br\/en\/author\/rochalog\/#author"},"publisher":{"@id":"https:\/\/www.rochalog.com.br\/en\/#organization"},"image":{"@type":"ImageObject","url":"https:\/\/www.rochalog.com.br\/wp-content\/uploads\/2023\/02\/af_Rocha_FatoRelevante_Blog_01a-2.png","width":1744,"height":1088,"caption":"unidade de rio grande"},"datePublished":"2023-02-10T16:44:41-03:00","dateModified":"2023-02-10T16:44:41-03:00","inLanguage":"en-US","mainEntityOfPage":{"@id":"https:\/\/www.rochalog.com.br\/en\/unidade-de-rio-grande-fortalece-estrutura-organizacional-com-contratacao-de-diretor-comercial-e-de-relacoes-institucionais\/#webpage"},"isPartOf":{"@id":"https:\/\/www.rochalog.com.br\/en\/unidade-de-rio-grande-fortalece-estrutura-organizacional-com-contratacao-de-diretor-comercial-e-de-relacoes-institucionais\/#webpage"},"articleSection":"Comunicados, News, rio grande"},{"@type":"BreadcrumbList","@id":"https:\/\/www.rochalog.com.br\/en\/unidade-de-rio-grande-fortalece-estrutura-organizacional-com-contratacao-de-diretor-comercial-e-de-relacoes-institucionais\/#breadcrumblist","itemListElement":[{"@type":"ListItem","@id":"https:\/\/www.rochalog.com.br\/en#listItem","position":1,"name":"In\u00edcio","item":"https:\/\/www.rochalog.com.br\/en","nextItem":{"@type":"ListItem","@id":"https:\/\/www.rochalog.com.br\/en\/category\/news\/#listItem","name":"News"}},{"@type":"ListItem","@id":"https:\/\/www.rochalog.com.br\/en\/category\/news\/#listItem","position":2,"name":"News","item":"https:\/\/www.rochalog.com.br\/en\/category\/news\/","nextItem":{"@type":"ListItem","@id":"https:\/\/www.rochalog.com.br\/en\/category\/news\/comunicados\/#listItem","name":"Comunicados"},"previousItem":{"@type":"ListItem","@id":"https:\/\/www.rochalog.com.br\/en#listItem","name":"In\u00edcio"}},{"@type":"ListItem","@id":"https:\/\/www.rochalog.com.br\/en\/category\/news\/comunicados\/#listItem","position":3,"name":"Comunicados","item":"https:\/\/www.rochalog.com.br\/en\/category\/news\/comunicados\/","nextItem":{"@type":"ListItem","@id":"https:\/\/www.rochalog.com.br\/en\/unidade-de-rio-grande-fortalece-estrutura-organizacional-com-contratacao-de-diretor-comercial-e-de-relacoes-institucionais\/#listItem","name":"UNIDADE DE RIO GRANDE FORTALECE ESTRUTURA ORGANIZACIONAL COM CONTRATA\u00c7\u00c3O DE DIRETOR COMERCIAL E DE RELA\u00c7\u00d5ES INSTITUCIONAIS"},"previousItem":{"@type":"ListItem","@id":"https:\/\/www.rochalog.com.br\/en\/category\/news\/#listItem","name":"News"}},{"@type":"ListItem","@id":"https:\/\/www.rochalog.com.br\/en\/unidade-de-rio-grande-fortalece-estrutura-organizacional-com-contratacao-de-diretor-comercial-e-de-relacoes-institucionais\/#listItem","position":4,"name":"UNIDADE DE RIO GRANDE FORTALECE ESTRUTURA ORGANIZACIONAL COM CONTRATA\u00c7\u00c3O DE DIRETOR COMERCIAL E DE RELA\u00c7\u00d5ES INSTITUCIONAIS","previousItem":{"@type":"ListItem","@id":"https:\/\/www.rochalog.com.br\/en\/category\/news\/comunicados\/#listItem","name":"Comunicados"}}]},{"@type":"Organization","@id":"https:\/\/www.rochalog.com.br\/en\/#organization","name":"Rocha | Terminais Portu\u00e1rios e Log\u00edstica","description":"Terminais Portu\u00e1rios e Log\u00edstica","url":"https:\/\/www.rochalog.com.br\/en\/","telephone":"+554134202300","logo":{"@type":"ImageObject","url":"https:\/\/www.rochalog.com.br\/wp-content\/uploads\/2019\/08\/logo_rocha_35.png","@id":"https:\/\/www.rochalog.com.br\/en\/unidade-de-rio-grande-fortalece-estrutura-organizacional-com-contratacao-de-diretor-comercial-e-de-relacoes-institucionais\/#organizationLogo","width":243,"height":97},"image":{"@id":"https:\/\/www.rochalog.com.br\/en\/unidade-de-rio-grande-fortalece-estrutura-organizacional-com-contratacao-de-diretor-comercial-e-de-relacoes-institucionais\/#organizationLogo"},"sameAs":["https:\/\/www.facebook.com\/RochaLOG","https:\/\/twitter.com\/rochalog","https:\/\/www.instagram.com\/rocha_log\/","https:\/\/www.youtube.com\/channel\/UCwHPuIcaL2l50SZ3UhuCDLg","https:\/\/pt.linkedin.com\/company\/rocha-top-terminais-e-operadores-portu-rios-sa"]},{"@type":"Person","@id":"https:\/\/www.rochalog.com.br\/en\/author\/rochalog\/#author","url":"https:\/\/www.rochalog.com.br\/en\/author\/rochalog\/","name":"Rocha","image":{"@type":"ImageObject","@id":"https:\/\/www.rochalog.com.br\/en\/unidade-de-rio-grande-fortalece-estrutura-organizacional-com-contratacao-de-diretor-comercial-e-de-relacoes-institucionais\/#authorImage","url":"https:\/\/secure.gravatar.com\/avatar\/cf63cf95b2eef461bc9cba96c2d470de2931f88f3be23dbeb70918b712a5d8df?s=96&d=mm&r=g","width":96,"height":96,"caption":"Rocha"}},{"@type":"WebPage","@id":"https:\/\/www.rochalog.com.br\/en\/unidade-de-rio-grande-fortalece-estrutura-organizacional-com-contratacao-de-diretor-comercial-e-de-relacoes-institucionais\/#webpage","url":"https:\/\/www.rochalog.com.br\/en\/unidade-de-rio-grande-fortalece-estrutura-organizacional-com-contratacao-de-diretor-comercial-e-de-relacoes-institucionais\/","name":"UNIDADE DE RIO GRANDE FORTALECE ESTRUTURA ORGANIZACIONAL COM CONTRATA\u00c7\u00c3O DE DIRETOR COMERCIAL E DE RELA\u00c7\u00d5ES INSTITUCIONAIS","inLanguage":"en-US","isPartOf":{"@id":"https:\/\/www.rochalog.com.br\/en\/#website"},"breadcrumb":{"@id":"https:\/\/www.rochalog.com.br\/en\/unidade-de-rio-grande-fortalece-estrutura-organizacional-com-contratacao-de-diretor-comercial-e-de-relacoes-institucionais\/#breadcrumblist"},"author":{"@id":"https:\/\/www.rochalog.com.br\/en\/author\/rochalog\/#author"},"creator":{"@id":"https:\/\/www.rochalog.com.br\/en\/author\/rochalog\/#author"},"image":{"@type":"ImageObject","url":"https:\/\/www.rochalog.com.br\/wp-content\/uploads\/2023\/02\/af_Rocha_FatoRelevante_Blog_01a-2.png","@id":"https:\/\/www.rochalog.com.br\/en\/unidade-de-rio-grande-fortalece-estrutura-organizacional-com-contratacao-de-diretor-comercial-e-de-relacoes-institucionais\/#mainImage","width":1744,"height":1088,"caption":"unidade de rio grande"},"primaryImageOfPage":{"@id":"https:\/\/www.rochalog.com.br\/en\/unidade-de-rio-grande-fortalece-estrutura-organizacional-com-contratacao-de-diretor-comercial-e-de-relacoes-institucionais\/#mainImage"},"datePublished":"2023-02-10T16:44:41-03:00","dateModified":"2023-02-10T16:44:41-03:00"},{"@type":"WebSite","@id":"https:\/\/www.rochalog.com.br\/en\/#website","url":"https:\/\/www.rochalog.com.br\/en\/","name":"Rocha","description":"Terminais Portu\u00e1rios e Log\u00edstica","inLanguage":"en-US","publisher":{"@id":"https:\/\/www.rochalog.com.br\/en\/#organization"}}]},"og:locale":"en_US","og:site_name":"Rocha | Terminais Portu\u00e1rios e Log\u00edstica","og:type":"article","og:title":"UNIDADE DE RIO GRANDE FORTALECE ESTRUTURA ORGANIZACIONAL COM CONTRATA\u00c7\u00c3O DE DIRETOR COMERCIAL E DE RELA\u00c7\u00d5ES INSTITUCIONAIS","og:url":"https:\/\/www.rochalog.com.br\/en\/unidade-de-rio-grande-fortalece-estrutura-organizacional-com-contratacao-de-diretor-comercial-e-de-relacoes-institucionais\/","og:image":"https:\/\/www.rochalog.com.br\/wp-content\/uploads\/2023\/02\/af_Rocha_FatoRelevante_Blog_01a-2.png","og:image:secure_url":"https:\/\/www.rochalog.com.br\/wp-content\/uploads\/2023\/02\/af_Rocha_FatoRelevante_Blog_01a-2.png","og:image:width":"1744","og:image:height":"1088","article:published_time":"2023-02-10T19:44:41+00:00","article:modified_time":"2023-02-10T19:44:41+00:00","article:publisher":"https:\/\/www.facebook.com\/RochaLOG","twitter:card":"summary","twitter:site":"@rochalog","twitter:title":"UNIDADE DE RIO GRANDE FORTALECE ESTRUTURA ORGANIZACIONAL COM CONTRATA\u00c7\u00c3O DE DIRETOR COMERCIAL E DE RELA\u00c7\u00d5ES INSTITUCIONAIS","twitter:creator":"@rochalog","twitter:image":"https:\/\/www.rochalog.com.br\/wp-content\/uploads\/2019\/04\/sgi_1.jpg"},"aioseo_meta_data":{"post_id":"8999","title":"UNIDADE DE RIO GRANDE FORTALECE ESTRUTURA ORGANIZACIONAL COM CONTRATA\u00c7\u00c3O DE DIRETOR COMERCIAL E DE RELA\u00c7\u00d5ES INSTITUCIONAIS","description":null,"keywords":[],"keyphrases":{"focus":{"keyphrase":"unidade de rio grande","score":80,"analysis":{"keyphraseInTitle":{"score":9,"maxScore":9,"error":0},"keyphraseInDescription":{"score":9,"maxScore":9,"error":0},"keyphraseLength":{"score":9,"maxScore":9,"error":0,"length":4},"keyphraseInURL":{"score":1,"maxScore":5,"error":1},"keyphraseInIntroduction":{"score":3,"maxScore":9,"error":1},"keyphraseInSubHeadings":[],"keyphraseInImageAlt":{"score":9,"maxScore":9,"error":0}}},"additional":[]},"primary_term":null,"canonical_url":null,"og_title":null,"og_description":null,"og_object_type":"default","og_image_type":"featured","og_image_url":"https:\/\/www.rochalog.com.br\/wp-content\/uploads\/2023\/02\/af_Rocha_FatoRelevante_Blog_01a-2.png","og_image_width":"1744","og_image_height":"1088","og_image_custom_url":null,"og_image_custom_fields":null,"og_video":"","og_custom_url":null,"og_article_section":null,"og_article_tags":[],"twitter_use_og":false,"twitter_card":"default","twitter_image_type":"default","twitter_image_url":null,"twitter_image_custom_url":null,"twitter_image_custom_fields":null,"twitter_title":null,"twitter_description":null,"schema":{"blockGraphs":[],"customGraphs":[],"default":{"data":{"Article":[],"Course":[],"Dataset":[],"FAQPage":[],"Movie":[],"Person":[],"Product":[],"ProductReview":[],"Car":[],"Recipe":[],"Service":[],"SoftwareApplication":[],"WebPage":[]},"graphName":"Article","isEnabled":true},"graphs":[]},"schema_type":"default","schema_type_options":null,"pillar_content":false,"robots_default":true,"robots_noindex":false,"robots_noarchive":false,"robots_nosnippet":false,"robots_nofollow":false,"robots_noimageindex":false,"robots_noodp":false,"robots_notranslate":false,"robots_max_snippet":"-1","robots_max_videopreview":"-1","robots_max_imagepreview":"large","priority":null,"frequency":"default","local_seo":null,"breadcrumb_settings":null,"limit_modified_date":false,"ai":null,"created":"2023-02-10 18:44:33","updated":"2025-11-24 17:07:08","seo_analyzer_scan_date":null,"focus_keyword":"unidade de rio grande","additional_keywords":null,"truseo_locale":null},"jetpack_featured_media_url":"https:\/\/www.rochalog.com.br\/wp-content\/uploads\/2023\/02\/af_Rocha_FatoRelevante_Blog_01a-2.png","jetpack_sharing_enabled":true,"_links":{"self":[{"href":"https:\/\/www.rochalog.com.br\/en\/wp-json\/wp\/v2\/posts\/8999","targetHints":{"allow":["GET"]}}],"collection":[{"href":"https:\/\/www.rochalog.com.br\/en\/wp-json\/wp\/v2\/posts"}],"about":[{"href":"https:\/\/www.rochalog.com.br\/en\/wp-json\/wp\/v2\/types\/post"}],"author":[{"embeddable":true,"href":"https:\/\/www.rochalog.com.br\/en\/wp-json\/wp\/v2\/users\/2"}],"replies":[{"embeddable":true,"href":"https:\/\/www.rochalog.com.br\/en\/wp-json\/wp\/v2\/comments?post=8999"}],"version-history":[{"count":0,"href":"https:\/\/www.rochalog.com.br\/en\/wp-json\/wp\/v2\/posts\/8999\/revisions"}],"wp:featuredmedia":[{"embeddable":true,"href":"https:\/\/www.rochalog.com.br\/en\/wp-json\/wp\/v2\/media\/9011"}],"wp:attachment":[{"href":"https:\/\/www.rochalog.com.br\/en\/wp-json\/wp\/v2\/media?parent=8999"}],"wp:term":[{"taxonomy":"category","embeddable":true,"href":"https:\/\/www.rochalog.com.br\/en\/wp-json\/wp\/v2\/categories?post=8999"},{"taxonomy":"post_tag","embeddable":true,"href":"https:\/\/www.rochalog.com.br\/en\/wp-json\/wp\/v2\/tags?post=8999"}],"curies":[{"name":"wp","href":"https:\/\/api.w.org\/{rel}","templated":true}]}}