{"id":8996,"date":"2023-02-10T16:38:38","date_gmt":"2023-02-10T19:38:38","guid":{"rendered":"https:\/\/www.rochalog.com.br\/?p=8996"},"modified":"2023-02-10T16:38:38","modified_gmt":"2023-02-10T19:38:38","slug":"area-de-gestao-de-pessoas-da-rocha-e-fortalecida-com-a-contratacao-de-diretora-de-gente-e-cultura","status":"publish","type":"post","link":"https:\/\/www.rochalog.com.br\/en\/area-de-gestao-de-pessoas-da-rocha-e-fortalecida-com-a-contratacao-de-diretora-de-gente-e-cultura\/","title":{"rendered":"\u00c1REA DE GEST\u00c3O DE PESSOAS DA ROCHA \u00c9 FORTALECIDA COM A CONTRATA\u00c7\u00c3O DE DIRETORA DE GENTE E CULTURA"},"content":{"rendered":"<p style=\"text-align: justify;\"><img loading=\"lazy\" decoding=\"async\" class=\"aligncenter wp-image-9008 size-large\" src=\"https:\/\/www.rochalog.com.br\/wp-content\/uploads\/2023\/02\/af_Rocha_FatoRelevante_Blog_01a-1-1024x639.png\" alt=\"gest\u00e3o de pessoas\" width=\"720\" height=\"449\" srcset=\"https:\/\/www.rochalog.com.br\/wp-content\/uploads\/2023\/02\/af_Rocha_FatoRelevante_Blog_01a-1-1024x639.png 1024w, https:\/\/www.rochalog.com.br\/wp-content\/uploads\/2023\/02\/af_Rocha_FatoRelevante_Blog_01a-1-300x187.png 300w, https:\/\/www.rochalog.com.br\/wp-content\/uploads\/2023\/02\/af_Rocha_FatoRelevante_Blog_01a-1-768x479.png 768w, https:\/\/www.rochalog.com.br\/wp-content\/uploads\/2023\/02\/af_Rocha_FatoRelevante_Blog_01a-1-1536x958.png 1536w, https:\/\/www.rochalog.com.br\/wp-content\/uploads\/2023\/02\/af_Rocha_FatoRelevante_Blog_01a-1-18x12.png 18w, https:\/\/www.rochalog.com.br\/wp-content\/uploads\/2023\/02\/af_Rocha_FatoRelevante_Blog_01a-1-436x272.png 436w, https:\/\/www.rochalog.com.br\/wp-content\/uploads\/2023\/02\/af_Rocha_FatoRelevante_Blog_01a-1.png 1744w\" sizes=\"auto, (max-width: 720px) 100vw, 720px\" \/><\/p>\n<p style=\"text-align: justify;\">A <strong>Rocha Terminais Portu\u00e1rios e Log\u00edstica S.A.<\/strong> anuncia que em com o objetivo de fortalecer cada vez mais a gest\u00e3o de pessoas da Companhia e dando seguimento ao plano de estrutura\u00e7\u00e3o e fortalecimento da gest\u00e3o da Rocha, seu Conselho de Administra\u00e7\u00e3o aprovou a partir de 16\/01 o cargo de Diretora de Gente e Cultura, assumido por Laura Maria Paolinetti Camara.<\/p>\n<p style=\"text-align: justify;\"><strong>Laura Camara, conta com uma experi\u00eancia de mais de 25 anos em Gest\u00e3o Estrat\u00e9gica de RH e Cultura Organizacional,<\/strong> passando por empresas nacionais de grande porte e multinacionais. \u00c9 formada em Ci\u00eancia da Computa\u00e7\u00e3o pela Universidade de S\u00e3o Paulo (USP) e possui forma\u00e7\u00e3o pelo Programa Internacional de Educa\u00e7\u00e3o Executiva na ISE (SP) e IESE (Navarra \u2013 Espanha), P\u00f3s-gradua\u00e7\u00e3o em Gest\u00e3o de Recursos Humanos na Universidade Federal de Pernambuco (UFPE) e pela GeorgiaTech (Atlanta \u2013 USA), P\u00f3s-gradua\u00e7\u00e3o em Gest\u00e3o de Neg\u00f3cios pela Funda\u00e7\u00e3o Dom Cabral, Especializa\u00e7\u00e3o em Gest\u00e3o de Educa\u00e7\u00e3o Corporativa na Funda\u00e7\u00e3o Instituto da Educa\u00e7\u00e3o (FIA &#8211; USP). Laura ser\u00e1 decisiva, com toda a sua experi\u00eancia profissional, para <strong>assegurar que a Companhia tenha um time preparado para o pr\u00f3ximo ciclo de crescimento, al\u00e9m do desafio de aprimorar a Cultura Organizacional, Governan\u00e7a e ESG no Grupo Rocha<\/strong>. Laura ter\u00e1 sob sua gest\u00e3o as \u00e1reas de Recursos Humanos e Seguran\u00e7a Patrimonial.<\/p>\n<p style=\"text-align: justify;\">Fundada em 1864, com 159 anos de solidez, a Rocha Terminais Portu\u00e1rios e Log\u00edstica S.A. investe fortemente em governan\u00e7a, compliance e responsabilidade socioambiental. A Rocha conta com grupo de executivos de comprovada experi\u00eancia e fortemente alinhados com sua miss\u00e3o, vis\u00e3o e valores, que tornam poss\u00edveis as transi\u00e7\u00f5es dentro dos mais altos padr\u00f5es de \u00e9tica, confian\u00e7a e continuidade dos seus neg\u00f3cios.<\/p>\n<p style=\"text-align: justify;\">Paranagu\u00e1, 16 de janeiro de 2023.<\/p>\n<p style=\"text-align: justify;\">\n<p style=\"text-align: justify;\"><strong>Jo\u00e3o Gilberto Cominese Freire <\/strong><br \/>\nPresidente do Conselho de Administra\u00e7\u00e3o<\/p>\n<p style=\"text-align: justify;\"><strong>Juliano Mattar Dell\u2019Agnolo <\/strong><br \/>\nDiretor Presidente \u2013 CEO<\/p>","protected":false},"excerpt":{"rendered":"<p>A Rocha Terminais Portu\u00e1rios e Log\u00edstica S.A. anuncia que em com o objetivo de fortalecer cada vez mais a gest\u00e3o [&hellip;]<\/p>\n","protected":false},"author":2,"featured_media":9008,"comment_status":"open","ping_status":"open","sticky":false,"template":"","format":"standard","meta":{"_jetpack_newsletter_access":"","_jetpack_dont_email_post_to_subs":false,"_jetpack_newsletter_tier_id":0,"_jetpack_memberships_contains_paywalled_content":false,"_jetpack_memberships_contains_paid_content":false,"footnotes":""},"categories":[35,10],"tags":[208],"class_list":["post-8996","post","type-post","status-publish","format-standard","has-post-thumbnail","hentry","category-comunicados","category-news","tag-fato-relevante","post-with-thumbnail","post-with-thumbnail-large"],"aioseo_notices":[],"aioseo_head":"\n\t\t<!-- All in One SEO 5.0.0.1 - aioseo.com -->\n\t<meta name=\"robots\" content=\"max-image-preview:large\" \/>\n\t<meta name=\"author\" content=\"Rocha\"\/>\n\t<meta name=\"keywords\" content=\"fato relevante\" \/>\n\t<link rel=\"canonical\" href=\"https:\/\/www.rochalog.com.br\/en\/area-de-gestao-de-pessoas-da-rocha-e-fortalecida-com-a-contratacao-de-diretora-de-gente-e-cultura\/\" \/>\n\t<meta name=\"generator\" content=\"All in One SEO (AIOSEO) 5.0.0.1\" \/>\n\t\t<meta property=\"og:locale\" content=\"en_US\" \/>\n\t\t<meta property=\"og:site_name\" content=\"Rocha | Terminais Portu\u00e1rios e Log\u00edstica\" \/>\n\t\t<meta property=\"og:type\" content=\"article\" \/>\n\t\t<meta property=\"og:title\" content=\"\u00c1REA DE GEST\u00c3O DE PESSOAS DA ROCHA \u00c9 FORTALECIDA COM A CONTRATA\u00c7\u00c3O DE DIRETORA DE GENTE E CULTURA\" \/>\n\t\t<meta property=\"og:url\" content=\"https:\/\/www.rochalog.com.br\/en\/area-de-gestao-de-pessoas-da-rocha-e-fortalecida-com-a-contratacao-de-diretora-de-gente-e-cultura\/\" \/>\n\t\t<meta property=\"og:image\" content=\"https:\/\/www.rochalog.com.br\/wp-content\/uploads\/2023\/02\/af_Rocha_FatoRelevante_Blog_01a-1.png\" \/>\n\t\t<meta property=\"og:image:secure_url\" content=\"https:\/\/www.rochalog.com.br\/wp-content\/uploads\/2023\/02\/af_Rocha_FatoRelevante_Blog_01a-1.png\" \/>\n\t\t<meta property=\"og:image:width\" content=\"1744\" \/>\n\t\t<meta property=\"og:image:height\" content=\"1088\" \/>\n\t\t<meta property=\"article:published_time\" content=\"2023-02-10T19:38:38+00:00\" \/>\n\t\t<meta property=\"article:modified_time\" content=\"2023-02-10T19:38:38+00:00\" \/>\n\t\t<meta property=\"article:publisher\" content=\"https:\/\/www.facebook.com\/RochaLOG\" \/>\n\t\t<meta name=\"twitter:card\" content=\"summary\" \/>\n\t\t<meta name=\"twitter:site\" content=\"@rochalog\" \/>\n\t\t<meta name=\"twitter:title\" content=\"\u00c1REA DE GEST\u00c3O DE PESSOAS DA ROCHA \u00c9 FORTALECIDA COM A CONTRATA\u00c7\u00c3O DE DIRETORA DE GENTE E CULTURA\" \/>\n\t\t<meta name=\"twitter:creator\" content=\"@rochalog\" \/>\n\t\t<meta name=\"twitter:image\" content=\"https:\/\/www.rochalog.com.br\/wp-content\/uploads\/2019\/04\/sgi_1.jpg\" \/>\n\t\t<script type=\"application\/ld+json\" class=\"aioseo-schema\">\n\t\t\t{\"@context\":\"https:\\\/\\\/schema.org\",\"@graph\":[{\"@type\":\"Article\",\"@id\":\"https:\\\/\\\/www.rochalog.com.br\\\/en\\\/area-de-gestao-de-pessoas-da-rocha-e-fortalecida-com-a-contratacao-de-diretora-de-gente-e-cultura\\\/#article\",\"name\":\"\\u00c1REA DE GEST\\u00c3O DE PESSOAS DA ROCHA \\u00c9 FORTALECIDA COM A CONTRATA\\u00c7\\u00c3O DE DIRETORA DE GENTE E CULTURA\",\"headline\":\"\\u00c1REA DE GEST\\u00c3O DE PESSOAS DA ROCHA \\u00c9 FORTALECIDA COM A CONTRATA\\u00c7\\u00c3O DE DIRETORA DE GENTE E CULTURA\",\"author\":{\"@id\":\"https:\\\/\\\/www.rochalog.com.br\\\/en\\\/author\\\/rochalog\\\/#author\"},\"publisher\":{\"@id\":\"https:\\\/\\\/www.rochalog.com.br\\\/en\\\/#organization\"},\"image\":{\"@type\":\"ImageObject\",\"url\":\"https:\\\/\\\/www.rochalog.com.br\\\/wp-content\\\/uploads\\\/2023\\\/02\\\/af_Rocha_FatoRelevante_Blog_01a-1.png\",\"width\":1744,\"height\":1088,\"caption\":\"gest\\u00e3o de pessoas\"},\"datePublished\":\"2023-02-10T16:38:38-03:00\",\"dateModified\":\"2023-02-10T16:38:38-03:00\",\"inLanguage\":\"en-US\",\"mainEntityOfPage\":{\"@id\":\"https:\\\/\\\/www.rochalog.com.br\\\/en\\\/area-de-gestao-de-pessoas-da-rocha-e-fortalecida-com-a-contratacao-de-diretora-de-gente-e-cultura\\\/#webpage\"},\"isPartOf\":{\"@id\":\"https:\\\/\\\/www.rochalog.com.br\\\/en\\\/area-de-gestao-de-pessoas-da-rocha-e-fortalecida-com-a-contratacao-de-diretora-de-gente-e-cultura\\\/#webpage\"},\"articleSection\":\"Comunicados, News, fato relevante\"},{\"@type\":\"BreadcrumbList\",\"@id\":\"https:\\\/\\\/www.rochalog.com.br\\\/en\\\/area-de-gestao-de-pessoas-da-rocha-e-fortalecida-com-a-contratacao-de-diretora-de-gente-e-cultura\\\/#breadcrumblist\",\"itemListElement\":[{\"@type\":\"ListItem\",\"@id\":\"https:\\\/\\\/www.rochalog.com.br\\\/en#listItem\",\"position\":1,\"name\":\"In\\u00edcio\",\"item\":\"https:\\\/\\\/www.rochalog.com.br\\\/en\",\"nextItem\":{\"@type\":\"ListItem\",\"@id\":\"https:\\\/\\\/www.rochalog.com.br\\\/en\\\/category\\\/news\\\/#listItem\",\"name\":\"News\"}},{\"@type\":\"ListItem\",\"@id\":\"https:\\\/\\\/www.rochalog.com.br\\\/en\\\/category\\\/news\\\/#listItem\",\"position\":2,\"name\":\"News\",\"item\":\"https:\\\/\\\/www.rochalog.com.br\\\/en\\\/category\\\/news\\\/\",\"nextItem\":{\"@type\":\"ListItem\",\"@id\":\"https:\\\/\\\/www.rochalog.com.br\\\/en\\\/category\\\/news\\\/comunicados\\\/#listItem\",\"name\":\"Comunicados\"},\"previousItem\":{\"@type\":\"ListItem\",\"@id\":\"https:\\\/\\\/www.rochalog.com.br\\\/en#listItem\",\"name\":\"In\\u00edcio\"}},{\"@type\":\"ListItem\",\"@id\":\"https:\\\/\\\/www.rochalog.com.br\\\/en\\\/category\\\/news\\\/comunicados\\\/#listItem\",\"position\":3,\"name\":\"Comunicados\",\"item\":\"https:\\\/\\\/www.rochalog.com.br\\\/en\\\/category\\\/news\\\/comunicados\\\/\",\"nextItem\":{\"@type\":\"ListItem\",\"@id\":\"https:\\\/\\\/www.rochalog.com.br\\\/en\\\/area-de-gestao-de-pessoas-da-rocha-e-fortalecida-com-a-contratacao-de-diretora-de-gente-e-cultura\\\/#listItem\",\"name\":\"\\u00c1REA DE GEST\\u00c3O DE PESSOAS DA ROCHA \\u00c9 FORTALECIDA COM A CONTRATA\\u00c7\\u00c3O DE DIRETORA DE GENTE E CULTURA\"},\"previousItem\":{\"@type\":\"ListItem\",\"@id\":\"https:\\\/\\\/www.rochalog.com.br\\\/en\\\/category\\\/news\\\/#listItem\",\"name\":\"News\"}},{\"@type\":\"ListItem\",\"@id\":\"https:\\\/\\\/www.rochalog.com.br\\\/en\\\/area-de-gestao-de-pessoas-da-rocha-e-fortalecida-com-a-contratacao-de-diretora-de-gente-e-cultura\\\/#listItem\",\"position\":4,\"name\":\"\\u00c1REA DE GEST\\u00c3O DE PESSOAS DA ROCHA \\u00c9 FORTALECIDA COM A CONTRATA\\u00c7\\u00c3O DE DIRETORA DE GENTE E CULTURA\",\"previousItem\":{\"@type\":\"ListItem\",\"@id\":\"https:\\\/\\\/www.rochalog.com.br\\\/en\\\/category\\\/news\\\/comunicados\\\/#listItem\",\"name\":\"Comunicados\"}}]},{\"@type\":\"Organization\",\"@id\":\"https:\\\/\\\/www.rochalog.com.br\\\/en\\\/#organization\",\"name\":\"Rocha | Terminais Portu\\u00e1rios e Log\\u00edstica\",\"description\":\"Terminais Portu\\u00e1rios e Log\\u00edstica\",\"url\":\"https:\\\/\\\/www.rochalog.com.br\\\/en\\\/\",\"telephone\":\"+554134202300\",\"logo\":{\"@type\":\"ImageObject\",\"url\":\"https:\\\/\\\/www.rochalog.com.br\\\/wp-content\\\/uploads\\\/2019\\\/08\\\/logo_rocha_35.png\",\"@id\":\"https:\\\/\\\/www.rochalog.com.br\\\/en\\\/area-de-gestao-de-pessoas-da-rocha-e-fortalecida-com-a-contratacao-de-diretora-de-gente-e-cultura\\\/#organizationLogo\",\"width\":243,\"height\":97},\"image\":{\"@id\":\"https:\\\/\\\/www.rochalog.com.br\\\/en\\\/area-de-gestao-de-pessoas-da-rocha-e-fortalecida-com-a-contratacao-de-diretora-de-gente-e-cultura\\\/#organizationLogo\"},\"sameAs\":[\"https:\\\/\\\/www.facebook.com\\\/RochaLOG\",\"https:\\\/\\\/twitter.com\\\/rochalog\",\"https:\\\/\\\/www.instagram.com\\\/rocha_log\\\/\",\"https:\\\/\\\/www.youtube.com\\\/channel\\\/UCwHPuIcaL2l50SZ3UhuCDLg\",\"https:\\\/\\\/pt.linkedin.com\\\/company\\\/rocha-top-terminais-e-operadores-portu-rios-sa\"]},{\"@type\":\"Person\",\"@id\":\"https:\\\/\\\/www.rochalog.com.br\\\/en\\\/author\\\/rochalog\\\/#author\",\"url\":\"https:\\\/\\\/www.rochalog.com.br\\\/en\\\/author\\\/rochalog\\\/\",\"name\":\"Rocha\",\"image\":{\"@type\":\"ImageObject\",\"@id\":\"https:\\\/\\\/www.rochalog.com.br\\\/en\\\/area-de-gestao-de-pessoas-da-rocha-e-fortalecida-com-a-contratacao-de-diretora-de-gente-e-cultura\\\/#authorImage\",\"url\":\"https:\\\/\\\/secure.gravatar.com\\\/avatar\\\/cf63cf95b2eef461bc9cba96c2d470de2931f88f3be23dbeb70918b712a5d8df?s=96&d=mm&r=g\",\"width\":96,\"height\":96,\"caption\":\"Rocha\"}},{\"@type\":\"WebPage\",\"@id\":\"https:\\\/\\\/www.rochalog.com.br\\\/en\\\/area-de-gestao-de-pessoas-da-rocha-e-fortalecida-com-a-contratacao-de-diretora-de-gente-e-cultura\\\/#webpage\",\"url\":\"https:\\\/\\\/www.rochalog.com.br\\\/en\\\/area-de-gestao-de-pessoas-da-rocha-e-fortalecida-com-a-contratacao-de-diretora-de-gente-e-cultura\\\/\",\"name\":\"\\u00c1REA DE GEST\\u00c3O DE PESSOAS DA ROCHA \\u00c9 FORTALECIDA COM A CONTRATA\\u00c7\\u00c3O DE DIRETORA DE GENTE E CULTURA\",\"inLanguage\":\"en-US\",\"isPartOf\":{\"@id\":\"https:\\\/\\\/www.rochalog.com.br\\\/en\\\/#website\"},\"breadcrumb\":{\"@id\":\"https:\\\/\\\/www.rochalog.com.br\\\/en\\\/area-de-gestao-de-pessoas-da-rocha-e-fortalecida-com-a-contratacao-de-diretora-de-gente-e-cultura\\\/#breadcrumblist\"},\"author\":{\"@id\":\"https:\\\/\\\/www.rochalog.com.br\\\/en\\\/author\\\/rochalog\\\/#author\"},\"creator\":{\"@id\":\"https:\\\/\\\/www.rochalog.com.br\\\/en\\\/author\\\/rochalog\\\/#author\"},\"image\":{\"@type\":\"ImageObject\",\"url\":\"https:\\\/\\\/www.rochalog.com.br\\\/wp-content\\\/uploads\\\/2023\\\/02\\\/af_Rocha_FatoRelevante_Blog_01a-1.png\",\"@id\":\"https:\\\/\\\/www.rochalog.com.br\\\/en\\\/area-de-gestao-de-pessoas-da-rocha-e-fortalecida-com-a-contratacao-de-diretora-de-gente-e-cultura\\\/#mainImage\",\"width\":1744,\"height\":1088,\"caption\":\"gest\\u00e3o de pessoas\"},\"primaryImageOfPage\":{\"@id\":\"https:\\\/\\\/www.rochalog.com.br\\\/en\\\/area-de-gestao-de-pessoas-da-rocha-e-fortalecida-com-a-contratacao-de-diretora-de-gente-e-cultura\\\/#mainImage\"},\"datePublished\":\"2023-02-10T16:38:38-03:00\",\"dateModified\":\"2023-02-10T16:38:38-03:00\"},{\"@type\":\"WebSite\",\"@id\":\"https:\\\/\\\/www.rochalog.com.br\\\/en\\\/#website\",\"url\":\"https:\\\/\\\/www.rochalog.com.br\\\/en\\\/\",\"name\":\"Rocha\",\"description\":\"Terminais Portu\\u00e1rios e Log\\u00edstica\",\"inLanguage\":\"en-US\",\"publisher\":{\"@id\":\"https:\\\/\\\/www.rochalog.com.br\\\/en\\\/#organization\"}}]}\n\t\t<\/script>\n\t\t<!-- All in One SEO -->\n\n","aioseo_head_json":{"title":"\u00c1REA DE GEST\u00c3O DE PESSOAS DA ROCHA \u00c9 FORTALECIDA COM A CONTRATA\u00c7\u00c3O DE DIRETORA DE GENTE E CULTURA","description":"","canonical_url":"https:\/\/www.rochalog.com.br\/en\/area-de-gestao-de-pessoas-da-rocha-e-fortalecida-com-a-contratacao-de-diretora-de-gente-e-cultura\/","robots":"max-image-preview:large","keywords":"fato relevante","webmasterTools":{"miscellaneous":""},"schema":{"@context":"https:\/\/schema.org","@graph":[{"@type":"Article","@id":"https:\/\/www.rochalog.com.br\/en\/area-de-gestao-de-pessoas-da-rocha-e-fortalecida-com-a-contratacao-de-diretora-de-gente-e-cultura\/#article","name":"\u00c1REA DE GEST\u00c3O DE PESSOAS DA ROCHA \u00c9 FORTALECIDA COM A CONTRATA\u00c7\u00c3O DE DIRETORA DE GENTE E CULTURA","headline":"\u00c1REA DE GEST\u00c3O DE PESSOAS DA ROCHA \u00c9 FORTALECIDA COM A CONTRATA\u00c7\u00c3O DE DIRETORA DE GENTE E CULTURA","author":{"@id":"https:\/\/www.rochalog.com.br\/en\/author\/rochalog\/#author"},"publisher":{"@id":"https:\/\/www.rochalog.com.br\/en\/#organization"},"image":{"@type":"ImageObject","url":"https:\/\/www.rochalog.com.br\/wp-content\/uploads\/2023\/02\/af_Rocha_FatoRelevante_Blog_01a-1.png","width":1744,"height":1088,"caption":"gest\u00e3o de pessoas"},"datePublished":"2023-02-10T16:38:38-03:00","dateModified":"2023-02-10T16:38:38-03:00","inLanguage":"en-US","mainEntityOfPage":{"@id":"https:\/\/www.rochalog.com.br\/en\/area-de-gestao-de-pessoas-da-rocha-e-fortalecida-com-a-contratacao-de-diretora-de-gente-e-cultura\/#webpage"},"isPartOf":{"@id":"https:\/\/www.rochalog.com.br\/en\/area-de-gestao-de-pessoas-da-rocha-e-fortalecida-com-a-contratacao-de-diretora-de-gente-e-cultura\/#webpage"},"articleSection":"Comunicados, News, fato relevante"},{"@type":"BreadcrumbList","@id":"https:\/\/www.rochalog.com.br\/en\/area-de-gestao-de-pessoas-da-rocha-e-fortalecida-com-a-contratacao-de-diretora-de-gente-e-cultura\/#breadcrumblist","itemListElement":[{"@type":"ListItem","@id":"https:\/\/www.rochalog.com.br\/en#listItem","position":1,"name":"In\u00edcio","item":"https:\/\/www.rochalog.com.br\/en","nextItem":{"@type":"ListItem","@id":"https:\/\/www.rochalog.com.br\/en\/category\/news\/#listItem","name":"News"}},{"@type":"ListItem","@id":"https:\/\/www.rochalog.com.br\/en\/category\/news\/#listItem","position":2,"name":"News","item":"https:\/\/www.rochalog.com.br\/en\/category\/news\/","nextItem":{"@type":"ListItem","@id":"https:\/\/www.rochalog.com.br\/en\/category\/news\/comunicados\/#listItem","name":"Comunicados"},"previousItem":{"@type":"ListItem","@id":"https:\/\/www.rochalog.com.br\/en#listItem","name":"In\u00edcio"}},{"@type":"ListItem","@id":"https:\/\/www.rochalog.com.br\/en\/category\/news\/comunicados\/#listItem","position":3,"name":"Comunicados","item":"https:\/\/www.rochalog.com.br\/en\/category\/news\/comunicados\/","nextItem":{"@type":"ListItem","@id":"https:\/\/www.rochalog.com.br\/en\/area-de-gestao-de-pessoas-da-rocha-e-fortalecida-com-a-contratacao-de-diretora-de-gente-e-cultura\/#listItem","name":"\u00c1REA DE GEST\u00c3O DE PESSOAS DA ROCHA \u00c9 FORTALECIDA COM A CONTRATA\u00c7\u00c3O DE DIRETORA DE GENTE E CULTURA"},"previousItem":{"@type":"ListItem","@id":"https:\/\/www.rochalog.com.br\/en\/category\/news\/#listItem","name":"News"}},{"@type":"ListItem","@id":"https:\/\/www.rochalog.com.br\/en\/area-de-gestao-de-pessoas-da-rocha-e-fortalecida-com-a-contratacao-de-diretora-de-gente-e-cultura\/#listItem","position":4,"name":"\u00c1REA DE GEST\u00c3O DE PESSOAS DA ROCHA \u00c9 FORTALECIDA COM A CONTRATA\u00c7\u00c3O DE DIRETORA DE GENTE E CULTURA","previousItem":{"@type":"ListItem","@id":"https:\/\/www.rochalog.com.br\/en\/category\/news\/comunicados\/#listItem","name":"Comunicados"}}]},{"@type":"Organization","@id":"https:\/\/www.rochalog.com.br\/en\/#organization","name":"Rocha | Terminais Portu\u00e1rios e Log\u00edstica","description":"Terminais Portu\u00e1rios e Log\u00edstica","url":"https:\/\/www.rochalog.com.br\/en\/","telephone":"+554134202300","logo":{"@type":"ImageObject","url":"https:\/\/www.rochalog.com.br\/wp-content\/uploads\/2019\/08\/logo_rocha_35.png","@id":"https:\/\/www.rochalog.com.br\/en\/area-de-gestao-de-pessoas-da-rocha-e-fortalecida-com-a-contratacao-de-diretora-de-gente-e-cultura\/#organizationLogo","width":243,"height":97},"image":{"@id":"https:\/\/www.rochalog.com.br\/en\/area-de-gestao-de-pessoas-da-rocha-e-fortalecida-com-a-contratacao-de-diretora-de-gente-e-cultura\/#organizationLogo"},"sameAs":["https:\/\/www.facebook.com\/RochaLOG","https:\/\/twitter.com\/rochalog","https:\/\/www.instagram.com\/rocha_log\/","https:\/\/www.youtube.com\/channel\/UCwHPuIcaL2l50SZ3UhuCDLg","https:\/\/pt.linkedin.com\/company\/rocha-top-terminais-e-operadores-portu-rios-sa"]},{"@type":"Person","@id":"https:\/\/www.rochalog.com.br\/en\/author\/rochalog\/#author","url":"https:\/\/www.rochalog.com.br\/en\/author\/rochalog\/","name":"Rocha","image":{"@type":"ImageObject","@id":"https:\/\/www.rochalog.com.br\/en\/area-de-gestao-de-pessoas-da-rocha-e-fortalecida-com-a-contratacao-de-diretora-de-gente-e-cultura\/#authorImage","url":"https:\/\/secure.gravatar.com\/avatar\/cf63cf95b2eef461bc9cba96c2d470de2931f88f3be23dbeb70918b712a5d8df?s=96&d=mm&r=g","width":96,"height":96,"caption":"Rocha"}},{"@type":"WebPage","@id":"https:\/\/www.rochalog.com.br\/en\/area-de-gestao-de-pessoas-da-rocha-e-fortalecida-com-a-contratacao-de-diretora-de-gente-e-cultura\/#webpage","url":"https:\/\/www.rochalog.com.br\/en\/area-de-gestao-de-pessoas-da-rocha-e-fortalecida-com-a-contratacao-de-diretora-de-gente-e-cultura\/","name":"\u00c1REA DE GEST\u00c3O DE PESSOAS DA ROCHA \u00c9 FORTALECIDA COM A CONTRATA\u00c7\u00c3O DE DIRETORA DE GENTE E CULTURA","inLanguage":"en-US","isPartOf":{"@id":"https:\/\/www.rochalog.com.br\/en\/#website"},"breadcrumb":{"@id":"https:\/\/www.rochalog.com.br\/en\/area-de-gestao-de-pessoas-da-rocha-e-fortalecida-com-a-contratacao-de-diretora-de-gente-e-cultura\/#breadcrumblist"},"author":{"@id":"https:\/\/www.rochalog.com.br\/en\/author\/rochalog\/#author"},"creator":{"@id":"https:\/\/www.rochalog.com.br\/en\/author\/rochalog\/#author"},"image":{"@type":"ImageObject","url":"https:\/\/www.rochalog.com.br\/wp-content\/uploads\/2023\/02\/af_Rocha_FatoRelevante_Blog_01a-1.png","@id":"https:\/\/www.rochalog.com.br\/en\/area-de-gestao-de-pessoas-da-rocha-e-fortalecida-com-a-contratacao-de-diretora-de-gente-e-cultura\/#mainImage","width":1744,"height":1088,"caption":"gest\u00e3o de pessoas"},"primaryImageOfPage":{"@id":"https:\/\/www.rochalog.com.br\/en\/area-de-gestao-de-pessoas-da-rocha-e-fortalecida-com-a-contratacao-de-diretora-de-gente-e-cultura\/#mainImage"},"datePublished":"2023-02-10T16:38:38-03:00","dateModified":"2023-02-10T16:38:38-03:00"},{"@type":"WebSite","@id":"https:\/\/www.rochalog.com.br\/en\/#website","url":"https:\/\/www.rochalog.com.br\/en\/","name":"Rocha","description":"Terminais Portu\u00e1rios e Log\u00edstica","inLanguage":"en-US","publisher":{"@id":"https:\/\/www.rochalog.com.br\/en\/#organization"}}]},"og:locale":"en_US","og:site_name":"Rocha | Terminais Portu\u00e1rios e Log\u00edstica","og:type":"article","og:title":"\u00c1REA DE GEST\u00c3O DE PESSOAS DA ROCHA \u00c9 FORTALECIDA COM A CONTRATA\u00c7\u00c3O DE DIRETORA DE GENTE E CULTURA","og:url":"https:\/\/www.rochalog.com.br\/en\/area-de-gestao-de-pessoas-da-rocha-e-fortalecida-com-a-contratacao-de-diretora-de-gente-e-cultura\/","og:image":"https:\/\/www.rochalog.com.br\/wp-content\/uploads\/2023\/02\/af_Rocha_FatoRelevante_Blog_01a-1.png","og:image:secure_url":"https:\/\/www.rochalog.com.br\/wp-content\/uploads\/2023\/02\/af_Rocha_FatoRelevante_Blog_01a-1.png","og:image:width":"1744","og:image:height":"1088","article:published_time":"2023-02-10T19:38:38+00:00","article:modified_time":"2023-02-10T19:38:38+00:00","article:publisher":"https:\/\/www.facebook.com\/RochaLOG","twitter:card":"summary","twitter:site":"@rochalog","twitter:title":"\u00c1REA DE GEST\u00c3O DE PESSOAS DA ROCHA \u00c9 FORTALECIDA COM A CONTRATA\u00c7\u00c3O DE DIRETORA DE GENTE E CULTURA","twitter:creator":"@rochalog","twitter:image":"https:\/\/www.rochalog.com.br\/wp-content\/uploads\/2019\/04\/sgi_1.jpg"},"aioseo_meta_data":{"post_id":"8996","title":"\u00c1REA DE GEST\u00c3O DE PESSOAS DA ROCHA \u00c9 FORTALECIDA COM A CONTRATA\u00c7\u00c3O DE DIRETORA DE GENTE E CULTURA","description":null,"keywords":[],"keyphrases":{"focus":{"keyphrase":"gest\u00e3o de pessoas","score":80,"analysis":{"keyphraseInTitle":{"score":9,"maxScore":9,"error":0},"keyphraseInDescription":{"score":9,"maxScore":9,"error":0},"keyphraseLength":{"score":9,"maxScore":9,"error":0,"length":3},"keyphraseInURL":{"score":1,"maxScore":5,"error":1},"keyphraseInIntroduction":{"score":3,"maxScore":9,"error":1},"keyphraseInSubHeadings":[],"keyphraseInImageAlt":{"score":9,"maxScore":9,"error":0}}},"additional":[]},"primary_term":null,"canonical_url":null,"og_title":null,"og_description":null,"og_object_type":"default","og_image_type":"featured","og_image_url":"https:\/\/www.rochalog.com.br\/wp-content\/uploads\/2023\/02\/af_Rocha_FatoRelevante_Blog_01a-1.png","og_image_width":"1744","og_image_height":"1088","og_image_custom_url":null,"og_image_custom_fields":null,"og_video":"","og_custom_url":null,"og_article_section":null,"og_article_tags":[],"twitter_use_og":false,"twitter_card":"default","twitter_image_type":"default","twitter_image_url":null,"twitter_image_custom_url":null,"twitter_image_custom_fields":null,"twitter_title":null,"twitter_description":null,"schema":{"blockGraphs":[],"customGraphs":[],"default":{"data":{"Article":[],"Course":[],"Dataset":[],"FAQPage":[],"Movie":[],"Person":[],"Product":[],"ProductReview":[],"Car":[],"Recipe":[],"Service":[],"SoftwareApplication":[],"WebPage":[]},"graphName":"Article","isEnabled":true},"graphs":[]},"schema_type":"default","schema_type_options":null,"pillar_content":false,"robots_default":true,"robots_noindex":false,"robots_noarchive":false,"robots_nosnippet":false,"robots_nofollow":false,"robots_noimageindex":false,"robots_noodp":false,"robots_notranslate":false,"robots_max_snippet":"-1","robots_max_videopreview":"-1","robots_max_imagepreview":"large","priority":null,"frequency":"default","local_seo":null,"breadcrumb_settings":null,"limit_modified_date":false,"ai":null,"created":"2023-02-10 18:17:46","updated":"2025-11-24 17:07:08","seo_analyzer_scan_date":null,"focus_keyword":"gest\u00e3o de pessoas","additional_keywords":null,"truseo_locale":null},"jetpack_featured_media_url":"https:\/\/www.rochalog.com.br\/wp-content\/uploads\/2023\/02\/af_Rocha_FatoRelevante_Blog_01a-1.png","jetpack_sharing_enabled":true,"_links":{"self":[{"href":"https:\/\/www.rochalog.com.br\/en\/wp-json\/wp\/v2\/posts\/8996","targetHints":{"allow":["GET"]}}],"collection":[{"href":"https:\/\/www.rochalog.com.br\/en\/wp-json\/wp\/v2\/posts"}],"about":[{"href":"https:\/\/www.rochalog.com.br\/en\/wp-json\/wp\/v2\/types\/post"}],"author":[{"embeddable":true,"href":"https:\/\/www.rochalog.com.br\/en\/wp-json\/wp\/v2\/users\/2"}],"replies":[{"embeddable":true,"href":"https:\/\/www.rochalog.com.br\/en\/wp-json\/wp\/v2\/comments?post=8996"}],"version-history":[{"count":0,"href":"https:\/\/www.rochalog.com.br\/en\/wp-json\/wp\/v2\/posts\/8996\/revisions"}],"wp:featuredmedia":[{"embeddable":true,"href":"https:\/\/www.rochalog.com.br\/en\/wp-json\/wp\/v2\/media\/9008"}],"wp:attachment":[{"href":"https:\/\/www.rochalog.com.br\/en\/wp-json\/wp\/v2\/media?parent=8996"}],"wp:term":[{"taxonomy":"category","embeddable":true,"href":"https:\/\/www.rochalog.com.br\/en\/wp-json\/wp\/v2\/categories?post=8996"},{"taxonomy":"post_tag","embeddable":true,"href":"https:\/\/www.rochalog.com.br\/en\/wp-json\/wp\/v2\/tags?post=8996"}],"curies":[{"name":"wp","href":"https:\/\/api.w.org\/{rel}","templated":true}]}}