{"id":8874,"date":"2022-09-30T16:01:48","date_gmt":"2022-09-30T19:01:48","guid":{"rendered":"https:\/\/www.rochalog.com.br\/?p=8874"},"modified":"2025-05-19T07:52:33","modified_gmt":"2025-05-19T10:52:33","slug":"adaptabilidadeeempoderamento-colaboradoras-rocha-em-profissoes-masculinas","status":"publish","type":"post","link":"https:\/\/www.rochalog.com.br\/en\/adaptabilidadeeempoderamento-colaboradoras-rocha-em-profissoes-masculinas\/","title":{"rendered":"Adaptabilidade e empoderamento: Colaboradoras da Rocha e suas hist\u00f3rias em profiss\u00f5es tipicamente masculinas"},"content":{"rendered":"<p style=\"text-align: justify;\">Cada vez mais, as mulheres est\u00e3o conquistando espa\u00e7os que antes eram tipicamente considerados masculinos. \u00c9 o caso, por exemplo, dos setores de manuten\u00e7\u00e3o, operacional, opera\u00e7\u00e3o de equipamentos e seguran\u00e7a. Al\u00e9m disso, muitos cargos de lideran\u00e7a, antes dominados apenas por homens, j\u00e1 est\u00e3o sendo ocupados por mulheres.<\/p>\n<p style=\"text-align: justify;\">Isso acontece gra\u00e7as aos movimentos de empoderamento feminino e a uma habilidade chamada adaptabilidade. Com muito talento, as mulheres est\u00e3o se adaptando aos mais diversos cen\u00e1rios e quebrando as barreiras de g\u00eaneros.<\/p>\n<p style=\"text-align: justify;\"><strong>Na Rocha, temos v\u00e1rios exemplos disso.\u00a0<\/strong><\/p>\n<p style=\"text-align: justify;\">Visando motivar mais mulheres a seguirem seus sonhos e a conquistarem seus espa\u00e7os, trouxemos aqui uma s\u00e9rie de hist\u00f3rias inspiradoras.<\/p>\n<p style=\"text-align: justify;\">Siga a leitura e acompanhe os relatos das nossas colaboradoras sobre como elas se sentem ao atuar em profiss\u00f5es que antes eram consideradas apenas masculinas.<\/p>\n<h4 style=\"text-align: justify;\"><span style=\"color: #f58220;\">Colaboradoras da Rocha compartilham suas hist\u00f3rias em profiss\u00f5es tipicamente masculinas<\/span><\/h4>\n<p style=\"text-align: justify;\"><img loading=\"lazy\" decoding=\"async\" class=\"alignleft wp-image-8876\" src=\"https:\/\/www.rochalog.com.br\/wp-content\/uploads\/2022\/09\/Foto_06-240x300.png\" alt=\"Adaptabilidade \" width=\"250\" height=\"313\" srcset=\"https:\/\/www.rochalog.com.br\/wp-content\/uploads\/2022\/09\/Foto_06-240x300.png 240w, https:\/\/www.rochalog.com.br\/wp-content\/uploads\/2022\/09\/Foto_06-819x1024.png 819w, https:\/\/www.rochalog.com.br\/wp-content\/uploads\/2022\/09\/Foto_06-768x960.png 768w, https:\/\/www.rochalog.com.br\/wp-content\/uploads\/2022\/09\/Foto_06-10x12.png 10w, https:\/\/www.rochalog.com.br\/wp-content\/uploads\/2022\/09\/Foto_06.png 1080w\" sizes=\"auto, (max-width: 250px) 100vw, 250px\" \/>\u201cComecei a trabalhar na faixa portu\u00e1ria em 1998, em per\u00edodo integral, e me recordo que as primeiras madrugadas em que eu via toda a log\u00edstica de opera\u00e7\u00f5es rodando me sentia encantada. O giro dos caminh\u00f5es, os equipamentos de bordo, os refletores dos navios iluminando a casaria: para mim aquilo era muito melhor que as luzes de Las Vegas, era a Disney World Portu\u00e1ria.<\/p>\n<p style=\"text-align: justify;\">Hoje, me sinto vitoriosa ao conquistar um espa\u00e7o que antes era considerado masculino. Vitoriosa a cada situa\u00e7\u00e3o em que consigo desenvolver uma atividade durante a opera\u00e7\u00e3o, seja a bordo ou no costado, a cada di\u00e1logo com a tripula\u00e7\u00e3o, onde ambos sa\u00edmos satisfeitos, e ao receber um feedback positivo. Ao retornar para minha resid\u00eancia, apesar das dificuldades e desafios enfrentados, dou risada sozinha lembrando das minhas metas cumpridas com louvor!\u201d<\/p>\n<p style=\"text-align: justify;\"><strong><i>&#8211; Cinthia Rosa de Oliveira, Supervisora de opera\u00e7\u00f5es da Opera\u00e7\u00e3o Portu\u00e1ria, h\u00e1 5 anos na Rocha Unidade Paranagu\u00e1<\/i><\/strong><\/p>\n<p>&nbsp;<\/p>\n<p style=\"text-align: justify;\"><img loading=\"lazy\" decoding=\"async\" class=\"alignleft wp-image-8877\" src=\"https:\/\/www.rochalog.com.br\/wp-content\/uploads\/2022\/09\/Foto_05-240x300.png\" alt=\"Adaptabilidade \" width=\"250\" height=\"313\" srcset=\"https:\/\/www.rochalog.com.br\/wp-content\/uploads\/2022\/09\/Foto_05-240x300.png 240w, https:\/\/www.rochalog.com.br\/wp-content\/uploads\/2022\/09\/Foto_05-819x1024.png 819w, https:\/\/www.rochalog.com.br\/wp-content\/uploads\/2022\/09\/Foto_05-768x960.png 768w, https:\/\/www.rochalog.com.br\/wp-content\/uploads\/2022\/09\/Foto_05-10x12.png 10w, https:\/\/www.rochalog.com.br\/wp-content\/uploads\/2022\/09\/Foto_05.png 1080w\" sizes=\"auto, (max-width: 250px) 100vw, 250px\" \/><\/p>\n<p style=\"text-align: justify;\">\u201cTudo come\u00e7ou em 2016, quando fui selecionada para uma vaga na \u00e1rea de seguran\u00e7a em uma rede de mercados, onde trabalhei por 4 anos. No in\u00edcio, foi um pouco estranho, pois nunca tinha atuado na \u00e1rea, mas com o tempo, me adaptei e acabei gostando do que fazia. Em 2019 tive a oportunidade de atuar na \u00e1rea de seguran\u00e7a patrimonial na Rocha, onde estou at\u00e9 hoje. Comecei como monitora de CFTV e, ap\u00f3s 1 ano e meio, fui promovida \u00e0 vaga de Agente de Seguran\u00e7a.<\/p>\n<p style=\"text-align: justify;\">Me sinto muito feliz por ocupar um espa\u00e7o que antes era apenas masculino, pois \u00e9 sinal de que n\u00f3s mulheres somos capazes de exercer qualquer profiss\u00e3o pois estamos evoluindo cada vez mais no mercado de trabalho. Espero poder servir de refer\u00eancia para outras mulheres.\u201d<\/p>\n<p><strong><i>&#8211; Lorena Mara Zamb\u00e3o Gomes, Agente de Seguran\u00e7a da Seguran\u00e7a Patrimonial, h\u00e1 1 ano e 2 meses na Rocha Unidade Paranagu\u00e1\u00a0<\/i><\/strong><\/p>\n<p>&nbsp;<\/p>\n<p style=\"text-align: justify;\"><img loading=\"lazy\" decoding=\"async\" class=\"alignleft wp-image-8879\" src=\"https:\/\/www.rochalog.com.br\/wp-content\/uploads\/2022\/09\/Foto_04-240x300.png\" alt=\"Adaptabilidade \" width=\"250\" height=\"313\" srcset=\"https:\/\/www.rochalog.com.br\/wp-content\/uploads\/2022\/09\/Foto_04-240x300.png 240w, https:\/\/www.rochalog.com.br\/wp-content\/uploads\/2022\/09\/Foto_04-819x1024.png 819w, https:\/\/www.rochalog.com.br\/wp-content\/uploads\/2022\/09\/Foto_04-768x960.png 768w, https:\/\/www.rochalog.com.br\/wp-content\/uploads\/2022\/09\/Foto_04-10x12.png 10w, https:\/\/www.rochalog.com.br\/wp-content\/uploads\/2022\/09\/Foto_04.png 1080w\" sizes=\"auto, (max-width: 250px) 100vw, 250px\" \/><\/p>\n<p style=\"text-align: justify;\">\u201cDurante o per\u00edodo que estagiei na Rocha tive muita oportunidade de trabalhar em campo, e isso me permitiu visualizar e conhecer de perto uma \u00e1rea muito importante da engenharia: a diagn\u00f3stica. Apesar de estimular minha curiosidade e vontade de atuar na \u00e1rea para me especializar, eu n\u00e3o imaginava que teria oportunidade de fazer isso aqui na empresa, pois n\u00e3o \u00e9 o ramo da Rocha.<\/p>\n<p style=\"text-align: justify;\">Felizmente, nos meses finais do meu contrato de est\u00e1gio, tive a oportunidade de conhecer o setor de manuten\u00e7\u00e3o, e nele descobri uma manuten\u00e7\u00e3o voltada para o diagn\u00f3stico e preserva\u00e7\u00e3o dos patrim\u00f4nios da empresa: a manuten\u00e7\u00e3o civil. Enfim, recebi a oportunidade de continuar trabalhando no setor e, com isso, pude me desenvolver na \u00e1rea. A Rocha foi uma grande aliada para a escolha da minha \u00e1rea de atua\u00e7\u00e3o. Hoje em dia, estou muito feliz com essa conquista! \u00c9 um desafio di\u00e1rio, que tem me ajudado muito no meu desenvolvimento. Sou muito grata por trabalhar em um setor com excelentes profissionais, que me respeitam e me ensinam muito.\u201d<\/p>\n<p><strong><i>&#8211; N\u00e1thali Gon\u00e7alves Caetano, Inspetora de Edifica\u00e7\u00f5es Jr. da Manuten\u00e7\u00e3o, h\u00e1 8 meses na Rocha Unidade Paranagu\u00e1\u00a0<\/i><\/strong><\/p>\n<p>&nbsp;<\/p>\n<p style=\"text-align: justify;\"><img loading=\"lazy\" decoding=\"async\" class=\"alignleft wp-image-8882\" src=\"https:\/\/www.rochalog.com.br\/wp-content\/uploads\/2022\/09\/Foto_02-240x300.png\" alt=\"Adaptabilidade\" width=\"250\" height=\"313\" srcset=\"https:\/\/www.rochalog.com.br\/wp-content\/uploads\/2022\/09\/Foto_02-240x300.png 240w, https:\/\/www.rochalog.com.br\/wp-content\/uploads\/2022\/09\/Foto_02-819x1024.png 819w, https:\/\/www.rochalog.com.br\/wp-content\/uploads\/2022\/09\/Foto_02-768x960.png 768w, https:\/\/www.rochalog.com.br\/wp-content\/uploads\/2022\/09\/Foto_02-10x12.png 10w, https:\/\/www.rochalog.com.br\/wp-content\/uploads\/2022\/09\/Foto_02.png 1080w\" sizes=\"auto, (max-width: 250px) 100vw, 250px\" \/>\u201cSou atualmente a \u00fanica mulher na supervis\u00e3o operacional do GEXPO, onde predominam os homens. Isso nunca foi uma ambi\u00e7\u00e3o, mas sim uma sequ\u00eancia de muito trabalho. Paranagu\u00e1 \u00e9 um ber\u00e7o das atividades portu\u00e1rias no Paran\u00e1, ent\u00e3o fui naturalmente me inserindo ao nicho de atividades operacionais neste segmento.<\/p>\n<p style=\"text-align: justify;\">O setor portu\u00e1rio culturalmente n\u00e3o proporciona um ambiente delicado, isso pela natureza dos mais distintos perigos e riscos, sejam ocupacionais ou n\u00e3o. Desta forma, eu n\u00e3o poderia exigir uma condi\u00e7\u00e3o distinta no meu trabalho diante da minha condi\u00e7\u00e3o de g\u00eanero. Pelo contr\u00e1rio, compreendendo a din\u00e2mica do ambiente, busquei me adaptar \u00e0s exig\u00eancias de forma comprometida, sempre balizada pela \u00e9tica e moral. Hoje, h\u00e1 tantos anos atuando nesta fun\u00e7\u00e3o, percebo que adaptar-se \u00e0s condi\u00e7\u00f5es exigidas \u00e9 fundamental, indiferente \u00e0s dificuldades inerentes ao g\u00eanero feminino. Como tantas outras mulheres, somos capazes de almejar e conquistar os mais desafiadores resultados nas mais distintas oportunidades profissionais!\u201d<\/p>\n<p><strong><i>&#8211; Rubia Cristina Martins dos Santos, Supervisora de Opera\u00e7\u00f5es do GEXPO, h\u00e1 5 anos e 4 na Unidade de Paranagu\u00e1\u00a0<\/i><\/strong><\/p>\n<p>&nbsp;<\/p>\n<p style=\"text-align: justify;\"><img loading=\"lazy\" decoding=\"async\" class=\"alignleft wp-image-8881\" src=\"https:\/\/www.rochalog.com.br\/wp-content\/uploads\/2022\/09\/Foto_03-240x300.png\" alt=\"Adaptabilidade\" width=\"250\" height=\"313\" srcset=\"https:\/\/www.rochalog.com.br\/wp-content\/uploads\/2022\/09\/Foto_03-240x300.png 240w, https:\/\/www.rochalog.com.br\/wp-content\/uploads\/2022\/09\/Foto_03-819x1024.png 819w, https:\/\/www.rochalog.com.br\/wp-content\/uploads\/2022\/09\/Foto_03-768x960.png 768w, https:\/\/www.rochalog.com.br\/wp-content\/uploads\/2022\/09\/Foto_03-10x12.png 10w, https:\/\/www.rochalog.com.br\/wp-content\/uploads\/2022\/09\/Foto_03.png 1080w\" sizes=\"auto, (max-width: 250px) 100vw, 250px\" \/><\/p>\n<p style=\"text-align: justify;\">\u201cO que me motivou a escolher essa profiss\u00e3o foi a troca de conhecimento e de aprendizado di\u00e1rio. N\u00f3s, profissionais da seguran\u00e7a do trabalho, temos a miss\u00e3o de fazer com que o colaborador realize suas atividades com efici\u00eancia, sendo sempre consciente da responsabilidade de se manter seguro, para retornar ao seu lar e familiares no final do dia.<\/p>\n<p style=\"text-align: justify;\">Me sinto realizada por notar que hoje em dia n\u00f3s, mulheres, temos maior espa\u00e7o em \u00e1reas anteriormente preenchidas somente por homens. Assim, me sinto motivada a continuar me dedicando para desempenhar minha fun\u00e7\u00e3o com total dedica\u00e7\u00e3o e \u00eaxito.\u201d<\/p>\n<p><strong><i>&#8211; Nathalia Couto Machado, T\u00e9cnica de Seguran\u00e7a do Trabalho, h\u00e1 4 meses na Rocha Unidade Rio Grande<\/i><\/strong><\/p>\n<p>&nbsp;<\/p>\n<p style=\"text-align: justify;\">Esperamos que essas hist\u00f3rias possam despertar em muitas outras mulheres a coragem para seguirem seus sonhos. Agradecemos a todas as colaboradoras que enviaram seus relatos!<\/p>\n<p style=\"text-align: justify;\">Se voc\u00ea gostou de acompanhar esses depoimentos, tamb\u00e9m pode gostar de outras mat\u00e9rias em nosso <strong><a href=\"https:\/\/www.rochalog.com.br\/en\/news\/\">blog<\/a><\/strong>. Siga tamb\u00e9m a Rocha no <a href=\"http:\/\/instagram.com\/rocha_log\/\">Instagram<\/a>, <a href=\"http:\/\/facebook.com\/rochalog\">Facebook<\/a> e <a href=\"https:\/\/www.linkedin.com\/company\/rocha-terminais-portuarios-logistica\/\">LinkedIn<\/a>.<\/p>","protected":false},"excerpt":{"rendered":"<p>Cada vez mais, as mulheres est\u00e3o conquistando espa\u00e7os que antes eram tipicamente considerados masculinos. \u00c9 o caso, por exemplo, dos [&hellip;]<\/p>","protected":false},"author":2,"featured_media":0,"comment_status":"open","ping_status":"open","sticky":false,"template":"","format":"standard","meta":{"_jetpack_memberships_contains_paid_content":false,"footnotes":""},"categories":[32,10],"tags":[195,196,56],"class_list":["post-8874","post","type-post","status-publish","format-standard","hentry","category-conquistas","category-news","tag-adaptabilidade","tag-empoderamento","tag-rocha"],"aioseo_notices":[],"jetpack_featured_media_url":"","jetpack_sharing_enabled":true,"_links":{"self":[{"href":"https:\/\/www.rochalog.com.br\/en\/wp-json\/wp\/v2\/posts\/8874","targetHints":{"allow":["GET"]}}],"collection":[{"href":"https:\/\/www.rochalog.com.br\/en\/wp-json\/wp\/v2\/posts"}],"about":[{"href":"https:\/\/www.rochalog.com.br\/en\/wp-json\/wp\/v2\/types\/post"}],"author":[{"embeddable":true,"href":"https:\/\/www.rochalog.com.br\/en\/wp-json\/wp\/v2\/users\/2"}],"replies":[{"embeddable":true,"href":"https:\/\/www.rochalog.com.br\/en\/wp-json\/wp\/v2\/comments?post=8874"}],"version-history":[{"count":2,"href":"https:\/\/www.rochalog.com.br\/en\/wp-json\/wp\/v2\/posts\/8874\/revisions"}],"predecessor-version":[{"id":10030,"href":"https:\/\/www.rochalog.com.br\/en\/wp-json\/wp\/v2\/posts\/8874\/revisions\/10030"}],"wp:attachment":[{"href":"https:\/\/www.rochalog.com.br\/en\/wp-json\/wp\/v2\/media?parent=8874"}],"wp:term":[{"taxonomy":"category","embeddable":true,"href":"https:\/\/www.rochalog.com.br\/en\/wp-json\/wp\/v2\/categories?post=8874"},{"taxonomy":"post_tag","embeddable":true,"href":"https:\/\/www.rochalog.com.br\/en\/wp-json\/wp\/v2\/tags?post=8874"}],"curies":[{"name":"wp","href":"https:\/\/api.w.org\/{rel}","templated":true}]}}