{"id":8602,"date":"2022-06-17T16:48:29","date_gmt":"2022-06-17T19:48:29","guid":{"rendered":"https:\/\/www.rochalog.com.br\/?p=8602"},"modified":"2022-06-17T17:52:40","modified_gmt":"2022-06-17T20:52:40","slug":"produtividade-e-sustentabilidade-semana-do-meio-ambiente-rocha","status":"publish","type":"post","link":"https:\/\/www.rochalog.com.br\/en\/produtividade-e-sustentabilidade-semana-do-meio-ambiente-rocha\/","title":{"rendered":"Produtividade e Sustentabilidade marcam a Semana do Meio Ambiente da Rocha"},"content":{"rendered":"<p style=\"text-align: justify;\">Em comemora\u00e7\u00e3o \u00e0 Semana do Meio Ambiente, uma campanha t\u00e3o importante para o nosso planeta, a ROCHA realizou uma s\u00e9rie de a\u00e7\u00f5es internas para engajar e conscientizar os colaboradores. As a\u00e7\u00f5es foram centradas na campanha \u201cSemana da Produtividade e Sustentabilidade\u201d, que aconteceu dos dias 06 a 10 de junho.<\/p>\n<p style=\"text-align: justify;\">Al\u00e9m das atividades realizadas na Matriz, em Paranagu\u00e1 (PR), a Semana do Meio Ambiente tamb\u00e9m foi comemorada nas unidades de S\u00e3o Francisco do Sul (SC) e Rio Grande (RS).<\/p>\n<p style=\"text-align: justify;\">Ao todo, conduzimos 16 palestras em toda a Companhia e tivemos a participa\u00e7\u00e3o de aproximadamente 420 colaboradores.<\/p>\n<p style=\"text-align: justify;\">Confira abaixo tudo o que realizamos ao longo da semana.<\/p>\n<h4 style=\"text-align: justify;\"><span style=\"color: #f58220;\">Semana da Produtividade e Sustentabilidade: confira a programa\u00e7\u00e3o<\/span><\/h4>\n<p style=\"text-align: justify;\">Durante toda a Semana do Meio Ambiente, os colaboradores puderam participar de palestras, mutir\u00f5es, teatros e atividades com foco na responsabilidade socioambiental.<\/p>\n<p style=\"text-align: justify;\">Em Paranagu\u00e1, as primeiras palestras tiveram foco na gest\u00e3o de qualidade das opera\u00e7\u00f5es e dos produtos dentro da empresa. Dois de nossos clientes (um do GIMPO e outro do GEXPO) explicaram sobre a import\u00e2ncia dos processos realizados por nossos colaboradores at\u00e9 a carga chegar ao destino. No GIMPO, o cliente que participou da a\u00e7\u00e3o foi a GEN Fertilizantes. J\u00e1 no GEXPO, foi a Royal Agro.<\/p>\n<p style=\"text-align: justify;\">Agradecemos muit\u00edssimo os clientes GEN Fertilizantes e Royal Agro pela parceria e pela presen\u00e7a na nossa semana. A troca de informa\u00e7\u00f5es e experi\u00eancias foi de extrema import\u00e2ncia para que os participantes entendessem mais ainda sobre a sustentabilidade que permeia as nossas opera\u00e7\u00f5es.<\/p>\n<p><img loading=\"lazy\" decoding=\"async\" class=\"alignnone wp-image-8606\" src=\"https:\/\/www.rochalog.com.br\/wp-content\/uploads\/2022\/06\/Semana-da-Produtividade-e-Sustentabilidade_1-300x225.jpg\" alt=\"Semana do meio ambiente\" width=\"350\" height=\"263\" srcset=\"https:\/\/www.rochalog.com.br\/wp-content\/uploads\/2022\/06\/Semana-da-Produtividade-e-Sustentabilidade_1-300x225.jpg 300w, https:\/\/www.rochalog.com.br\/wp-content\/uploads\/2022\/06\/Semana-da-Produtividade-e-Sustentabilidade_1-1024x768.jpg 1024w, https:\/\/www.rochalog.com.br\/wp-content\/uploads\/2022\/06\/Semana-da-Produtividade-e-Sustentabilidade_1-768x576.jpg 768w, https:\/\/www.rochalog.com.br\/wp-content\/uploads\/2022\/06\/Semana-da-Produtividade-e-Sustentabilidade_1-1536x1152.jpg 1536w, https:\/\/www.rochalog.com.br\/wp-content\/uploads\/2022\/06\/Semana-da-Produtividade-e-Sustentabilidade_1-2048x1536.jpg 2048w, https:\/\/www.rochalog.com.br\/wp-content\/uploads\/2022\/06\/Semana-da-Produtividade-e-Sustentabilidade_1-16x12.jpg 16w\" sizes=\"auto, (max-width: 350px) 100vw, 350px\" \/> <img loading=\"lazy\" decoding=\"async\" class=\"alignnone wp-image-8607\" src=\"https:\/\/www.rochalog.com.br\/wp-content\/uploads\/2022\/06\/Semana-da-Produtividade-e-Sustentabilidade_2-300x225.jpg\" alt=\"Semana do meio ambiente\" width=\"350\" height=\"263\" srcset=\"https:\/\/www.rochalog.com.br\/wp-content\/uploads\/2022\/06\/Semana-da-Produtividade-e-Sustentabilidade_2-300x225.jpg 300w, https:\/\/www.rochalog.com.br\/wp-content\/uploads\/2022\/06\/Semana-da-Produtividade-e-Sustentabilidade_2-1024x768.jpg 1024w, https:\/\/www.rochalog.com.br\/wp-content\/uploads\/2022\/06\/Semana-da-Produtividade-e-Sustentabilidade_2-768x576.jpg 768w, https:\/\/www.rochalog.com.br\/wp-content\/uploads\/2022\/06\/Semana-da-Produtividade-e-Sustentabilidade_2-1536x1152.jpg 1536w, https:\/\/www.rochalog.com.br\/wp-content\/uploads\/2022\/06\/Semana-da-Produtividade-e-Sustentabilidade_2-2048x1536.jpg 2048w, https:\/\/www.rochalog.com.br\/wp-content\/uploads\/2022\/06\/Semana-da-Produtividade-e-Sustentabilidade_2-16x12.jpg 16w\" sizes=\"auto, (max-width: 350px) 100vw, 350px\" \/><\/p>\n<p style=\"text-align: justify;\">Al\u00e9m disso, tamb\u00e9m tivemos palestras sobre gerenciamento de res\u00edduos s\u00f3lidos, saneamento b\u00e1sico, compostagem e sobre a rela\u00e7\u00e3o entre o meio ambiente e a sociedade. Em todas as palestras, realizamos sorteios de brindes, como copos retr\u00e1teis, sab\u00e3o e ecol\u00e1pis, al\u00e9m da distribui\u00e7\u00e3o de mudas de plantas para todos os participantes.<\/p>\n<p style=\"text-align: justify;\">Aproveitamos toda essa mesma semana para coletar res\u00edduos eletr\u00f4nicos entregues pelos colaboradores. Com isso, foram coletadas duas bombonas de material, que foram destinados a uma empresa especializada nesse tipo de descarte.<\/p>\n<p style=\"text-align: justify;\">Al\u00e9m de todas essas atividades, tamb\u00e9m promovemos o Dia da Fam\u00edlia em Paranagu\u00e1, que aconteceu na sexta-feira (10\/06). A comemora\u00e7\u00e3o foi recheada de divers\u00e3o, pois os colaboradores levaram seus filhos previamente cadastrados em sistema para um teatro de conscientiza\u00e7\u00e3o. A apresenta\u00e7\u00e3o ocorreu no Espa\u00e7o do Colaborador, na Matriz da ROCHA.<\/p>\n<p><img loading=\"lazy\" decoding=\"async\" class=\"alignnone wp-image-8615\" src=\"https:\/\/www.rochalog.com.br\/wp-content\/uploads\/2022\/06\/Semana-da-Produtividade-e-Sustentabilidade_8-scaled.jpg\" alt=\"semana do meio ambiente\" width=\"350\" height=\"263\" srcset=\"https:\/\/www.rochalog.com.br\/wp-content\/uploads\/2022\/06\/Semana-da-Produtividade-e-Sustentabilidade_8-scaled.jpg 2560w, https:\/\/www.rochalog.com.br\/wp-content\/uploads\/2022\/06\/Semana-da-Produtividade-e-Sustentabilidade_8-300x225.jpg 300w, https:\/\/www.rochalog.com.br\/wp-content\/uploads\/2022\/06\/Semana-da-Produtividade-e-Sustentabilidade_8-1024x768.jpg 1024w, https:\/\/www.rochalog.com.br\/wp-content\/uploads\/2022\/06\/Semana-da-Produtividade-e-Sustentabilidade_8-768x576.jpg 768w, https:\/\/www.rochalog.com.br\/wp-content\/uploads\/2022\/06\/Semana-da-Produtividade-e-Sustentabilidade_8-1536x1152.jpg 1536w, https:\/\/www.rochalog.com.br\/wp-content\/uploads\/2022\/06\/Semana-da-Produtividade-e-Sustentabilidade_8-2048x1536.jpg 2048w, https:\/\/www.rochalog.com.br\/wp-content\/uploads\/2022\/06\/Semana-da-Produtividade-e-Sustentabilidade_8-16x12.jpg 16w\" sizes=\"auto, (max-width: 350px) 100vw, 350px\" \/> <img loading=\"lazy\" decoding=\"async\" class=\"alignnone wp-image-8613\" src=\"https:\/\/www.rochalog.com.br\/wp-content\/uploads\/2022\/06\/Semana-da-Produtividade-e-Sustentabilidade_6-scaled.jpg\" alt=\"semana do meio ambiente\" width=\"350\" height=\"263\" srcset=\"https:\/\/www.rochalog.com.br\/wp-content\/uploads\/2022\/06\/Semana-da-Produtividade-e-Sustentabilidade_6-scaled.jpg 2560w, https:\/\/www.rochalog.com.br\/wp-content\/uploads\/2022\/06\/Semana-da-Produtividade-e-Sustentabilidade_6-300x225.jpg 300w, https:\/\/www.rochalog.com.br\/wp-content\/uploads\/2022\/06\/Semana-da-Produtividade-e-Sustentabilidade_6-1024x768.jpg 1024w, https:\/\/www.rochalog.com.br\/wp-content\/uploads\/2022\/06\/Semana-da-Produtividade-e-Sustentabilidade_6-768x576.jpg 768w, https:\/\/www.rochalog.com.br\/wp-content\/uploads\/2022\/06\/Semana-da-Produtividade-e-Sustentabilidade_6-1536x1152.jpg 1536w, https:\/\/www.rochalog.com.br\/wp-content\/uploads\/2022\/06\/Semana-da-Produtividade-e-Sustentabilidade_6-2048x1536.jpg 2048w, https:\/\/www.rochalog.com.br\/wp-content\/uploads\/2022\/06\/Semana-da-Produtividade-e-Sustentabilidade_6-16x12.jpg 16w\" sizes=\"auto, (max-width: 350px) 100vw, 350px\" \/> <img loading=\"lazy\" decoding=\"async\" class=\"alignnone wp-image-8612\" src=\"https:\/\/www.rochalog.com.br\/wp-content\/uploads\/2022\/06\/Semana-da-Produtividade-e-Sustentabilidade_5.jpg\" alt=\"semana do meio ambiente\" width=\"350\" height=\"263\" srcset=\"https:\/\/www.rochalog.com.br\/wp-content\/uploads\/2022\/06\/Semana-da-Produtividade-e-Sustentabilidade_5.jpg 1600w, https:\/\/www.rochalog.com.br\/wp-content\/uploads\/2022\/06\/Semana-da-Produtividade-e-Sustentabilidade_5-300x225.jpg 300w, https:\/\/www.rochalog.com.br\/wp-content\/uploads\/2022\/06\/Semana-da-Produtividade-e-Sustentabilidade_5-1024x768.jpg 1024w, https:\/\/www.rochalog.com.br\/wp-content\/uploads\/2022\/06\/Semana-da-Produtividade-e-Sustentabilidade_5-768x576.jpg 768w, https:\/\/www.rochalog.com.br\/wp-content\/uploads\/2022\/06\/Semana-da-Produtividade-e-Sustentabilidade_5-1536x1152.jpg 1536w, https:\/\/www.rochalog.com.br\/wp-content\/uploads\/2022\/06\/Semana-da-Produtividade-e-Sustentabilidade_5-16x12.jpg 16w\" sizes=\"auto, (max-width: 350px) 100vw, 350px\" \/> <img loading=\"lazy\" decoding=\"async\" class=\"alignnone wp-image-8611\" src=\"https:\/\/www.rochalog.com.br\/wp-content\/uploads\/2022\/06\/Semana-da-Produtividade-e-Sustentabilidade_4-scaled.jpg\" alt=\"semana do meio ambiente\" width=\"350\" height=\"263\" srcset=\"https:\/\/www.rochalog.com.br\/wp-content\/uploads\/2022\/06\/Semana-da-Produtividade-e-Sustentabilidade_4-scaled.jpg 2560w, https:\/\/www.rochalog.com.br\/wp-content\/uploads\/2022\/06\/Semana-da-Produtividade-e-Sustentabilidade_4-300x225.jpg 300w, https:\/\/www.rochalog.com.br\/wp-content\/uploads\/2022\/06\/Semana-da-Produtividade-e-Sustentabilidade_4-1024x768.jpg 1024w, https:\/\/www.rochalog.com.br\/wp-content\/uploads\/2022\/06\/Semana-da-Produtividade-e-Sustentabilidade_4-768x576.jpg 768w, https:\/\/www.rochalog.com.br\/wp-content\/uploads\/2022\/06\/Semana-da-Produtividade-e-Sustentabilidade_4-1536x1152.jpg 1536w, https:\/\/www.rochalog.com.br\/wp-content\/uploads\/2022\/06\/Semana-da-Produtividade-e-Sustentabilidade_4-2048x1536.jpg 2048w, https:\/\/www.rochalog.com.br\/wp-content\/uploads\/2022\/06\/Semana-da-Produtividade-e-Sustentabilidade_4-16x12.jpg 16w\" sizes=\"auto, (max-width: 350px) 100vw, 350px\" \/> <img loading=\"lazy\" decoding=\"async\" class=\"alignnone wp-image-8610\" src=\"https:\/\/www.rochalog.com.br\/wp-content\/uploads\/2022\/06\/Semana-da-Produtividade-e-Sustentabilidade_3.jpg\" alt=\"semana do meio ambiente\" width=\"350\" height=\"263\" srcset=\"https:\/\/www.rochalog.com.br\/wp-content\/uploads\/2022\/06\/Semana-da-Produtividade-e-Sustentabilidade_3.jpg 1600w, https:\/\/www.rochalog.com.br\/wp-content\/uploads\/2022\/06\/Semana-da-Produtividade-e-Sustentabilidade_3-300x225.jpg 300w, https:\/\/www.rochalog.com.br\/wp-content\/uploads\/2022\/06\/Semana-da-Produtividade-e-Sustentabilidade_3-1024x768.jpg 1024w, https:\/\/www.rochalog.com.br\/wp-content\/uploads\/2022\/06\/Semana-da-Produtividade-e-Sustentabilidade_3-768x576.jpg 768w, https:\/\/www.rochalog.com.br\/wp-content\/uploads\/2022\/06\/Semana-da-Produtividade-e-Sustentabilidade_3-1536x1152.jpg 1536w, https:\/\/www.rochalog.com.br\/wp-content\/uploads\/2022\/06\/Semana-da-Produtividade-e-Sustentabilidade_3-16x12.jpg 16w\" sizes=\"auto, (max-width: 350px) 100vw, 350px\" \/> <img loading=\"lazy\" decoding=\"async\" class=\"alignnone wp-image-8614\" src=\"https:\/\/www.rochalog.com.br\/wp-content\/uploads\/2022\/06\/Semana-da-Produtividade-e-Sustentabilidade_7-scaled.jpg\" alt=\"semana do meio ambiente\" width=\"350\" height=\"263\" srcset=\"https:\/\/www.rochalog.com.br\/wp-content\/uploads\/2022\/06\/Semana-da-Produtividade-e-Sustentabilidade_7-scaled.jpg 2560w, https:\/\/www.rochalog.com.br\/wp-content\/uploads\/2022\/06\/Semana-da-Produtividade-e-Sustentabilidade_7-300x225.jpg 300w, https:\/\/www.rochalog.com.br\/wp-content\/uploads\/2022\/06\/Semana-da-Produtividade-e-Sustentabilidade_7-1024x768.jpg 1024w, https:\/\/www.rochalog.com.br\/wp-content\/uploads\/2022\/06\/Semana-da-Produtividade-e-Sustentabilidade_7-768x576.jpg 768w, https:\/\/www.rochalog.com.br\/wp-content\/uploads\/2022\/06\/Semana-da-Produtividade-e-Sustentabilidade_7-1536x1152.jpg 1536w, https:\/\/www.rochalog.com.br\/wp-content\/uploads\/2022\/06\/Semana-da-Produtividade-e-Sustentabilidade_7-2048x1536.jpg 2048w, https:\/\/www.rochalog.com.br\/wp-content\/uploads\/2022\/06\/Semana-da-Produtividade-e-Sustentabilidade_7-16x12.jpg 16w\" sizes=\"auto, (max-width: 350px) 100vw, 350px\" \/><\/p>\n<p style=\"text-align: justify;\">Em S\u00e3o Francisco do Sul, al\u00e9m das palestras, pudemos realizar uma a\u00e7\u00e3o muito especial! Na sexta-feira (10\/06) foi dia de a\u00e7\u00e3o Socioambiental e Sociocultural, uma data em que os colaboradores foram at\u00e9 uma escola da regi\u00e3o para doar 20 mudas de esp\u00e9cies nativas e frut\u00edferas para plantio.<\/p>\n<p style=\"text-align: justify;\">Essas a\u00e7\u00f5es visam, acima de tudo, plantar a semente da conscientiza\u00e7\u00e3o e da responsabilidade no cora\u00e7\u00e3o de cada um.<\/p>\n<p><img loading=\"lazy\" decoding=\"async\" class=\"alignnone wp-image-8617\" src=\"https:\/\/www.rochalog.com.br\/wp-content\/uploads\/2022\/06\/Semana-da-Produtividade-e-Sustentabilidade_9.jpg\" alt=\"semana do meio ambiente\" width=\"350\" height=\"263\" srcset=\"https:\/\/www.rochalog.com.br\/wp-content\/uploads\/2022\/06\/Semana-da-Produtividade-e-Sustentabilidade_9.jpg 1600w, https:\/\/www.rochalog.com.br\/wp-content\/uploads\/2022\/06\/Semana-da-Produtividade-e-Sustentabilidade_9-300x225.jpg 300w, https:\/\/www.rochalog.com.br\/wp-content\/uploads\/2022\/06\/Semana-da-Produtividade-e-Sustentabilidade_9-1024x768.jpg 1024w, https:\/\/www.rochalog.com.br\/wp-content\/uploads\/2022\/06\/Semana-da-Produtividade-e-Sustentabilidade_9-768x576.jpg 768w, https:\/\/www.rochalog.com.br\/wp-content\/uploads\/2022\/06\/Semana-da-Produtividade-e-Sustentabilidade_9-1536x1152.jpg 1536w, https:\/\/www.rochalog.com.br\/wp-content\/uploads\/2022\/06\/Semana-da-Produtividade-e-Sustentabilidade_9-16x12.jpg 16w\" sizes=\"auto, (max-width: 350px) 100vw, 350px\" \/> <img loading=\"lazy\" decoding=\"async\" class=\"alignnone wp-image-8618\" src=\"https:\/\/www.rochalog.com.br\/wp-content\/uploads\/2022\/06\/Semana-da-Produtividade-e-Sustentabilidade_10.jpeg\" alt=\"semana do meio ambiente\" width=\"350\" height=\"263\" srcset=\"https:\/\/www.rochalog.com.br\/wp-content\/uploads\/2022\/06\/Semana-da-Produtividade-e-Sustentabilidade_10.jpeg 1600w, https:\/\/www.rochalog.com.br\/wp-content\/uploads\/2022\/06\/Semana-da-Produtividade-e-Sustentabilidade_10-300x225.jpeg 300w, https:\/\/www.rochalog.com.br\/wp-content\/uploads\/2022\/06\/Semana-da-Produtividade-e-Sustentabilidade_10-1024x768.jpeg 1024w, https:\/\/www.rochalog.com.br\/wp-content\/uploads\/2022\/06\/Semana-da-Produtividade-e-Sustentabilidade_10-768x576.jpeg 768w, https:\/\/www.rochalog.com.br\/wp-content\/uploads\/2022\/06\/Semana-da-Produtividade-e-Sustentabilidade_10-1536x1152.jpeg 1536w, https:\/\/www.rochalog.com.br\/wp-content\/uploads\/2022\/06\/Semana-da-Produtividade-e-Sustentabilidade_10-16x12.jpeg 16w\" sizes=\"auto, (max-width: 350px) 100vw, 350px\" \/> <img loading=\"lazy\" decoding=\"async\" class=\"alignnone wp-image-8619\" src=\"https:\/\/www.rochalog.com.br\/wp-content\/uploads\/2022\/06\/Semana-da-Produtividade-e-Sustentabilidade_11.jpg\" alt=\"semana do meio ambiente\" width=\"350\" height=\"263\" srcset=\"https:\/\/www.rochalog.com.br\/wp-content\/uploads\/2022\/06\/Semana-da-Produtividade-e-Sustentabilidade_11.jpg 1600w, https:\/\/www.rochalog.com.br\/wp-content\/uploads\/2022\/06\/Semana-da-Produtividade-e-Sustentabilidade_11-300x225.jpg 300w, https:\/\/www.rochalog.com.br\/wp-content\/uploads\/2022\/06\/Semana-da-Produtividade-e-Sustentabilidade_11-1024x768.jpg 1024w, https:\/\/www.rochalog.com.br\/wp-content\/uploads\/2022\/06\/Semana-da-Produtividade-e-Sustentabilidade_11-768x576.jpg 768w, https:\/\/www.rochalog.com.br\/wp-content\/uploads\/2022\/06\/Semana-da-Produtividade-e-Sustentabilidade_11-1536x1152.jpg 1536w, https:\/\/www.rochalog.com.br\/wp-content\/uploads\/2022\/06\/Semana-da-Produtividade-e-Sustentabilidade_11-16x12.jpg 16w\" sizes=\"auto, (max-width: 350px) 100vw, 350px\" \/> <img loading=\"lazy\" decoding=\"async\" class=\"alignnone wp-image-8620\" src=\"https:\/\/www.rochalog.com.br\/wp-content\/uploads\/2022\/06\/Semana-da-Produtividade-e-Sustentabilidade_12.jpg\" alt=\"semana do meio ambiente\" width=\"350\" height=\"263\" srcset=\"https:\/\/www.rochalog.com.br\/wp-content\/uploads\/2022\/06\/Semana-da-Produtividade-e-Sustentabilidade_12.jpg 1600w, https:\/\/www.rochalog.com.br\/wp-content\/uploads\/2022\/06\/Semana-da-Produtividade-e-Sustentabilidade_12-300x225.jpg 300w, https:\/\/www.rochalog.com.br\/wp-content\/uploads\/2022\/06\/Semana-da-Produtividade-e-Sustentabilidade_12-1024x768.jpg 1024w, https:\/\/www.rochalog.com.br\/wp-content\/uploads\/2022\/06\/Semana-da-Produtividade-e-Sustentabilidade_12-768x576.jpg 768w, https:\/\/www.rochalog.com.br\/wp-content\/uploads\/2022\/06\/Semana-da-Produtividade-e-Sustentabilidade_12-1536x1152.jpg 1536w, https:\/\/www.rochalog.com.br\/wp-content\/uploads\/2022\/06\/Semana-da-Produtividade-e-Sustentabilidade_12-16x12.jpg 16w\" sizes=\"auto, (max-width: 350px) 100vw, 350px\" \/><\/p>\n<p style=\"text-align: justify;\">J\u00e1 em Rio Grande, a primeira palestra foi com as integrantes do NEMA (N\u00facleo de Educa\u00e7\u00e3o e Monitoramento Ambiental), em que nossos colaboradores puderam conhecer mais sobre os locais de preserva\u00e7\u00e3o ambiental, fauna e flora. As palestrantes, que trabalham em longa data com empresas do setor portu\u00e1rio, abordaram o assunto de preserva\u00e7\u00e3o e produtividade na realidade, lembrando que o meio ambiente s\u00e3o todas as rela\u00e7\u00f5es, incluindo n\u00f3s seres humanos.<\/p>\n<p style=\"text-align: justify;\">Para o \u00faltimo dia da campanha, na Unidade de Rio Grande, oito colaboradores (entre os 20 mais novos e 20 mais antigos de tempo de empresa) foram sorteados e convidados a participar do plantio de mudas no nosso terminal.<\/p>\n<p><img loading=\"lazy\" decoding=\"async\" class=\"alignnone wp-image-8622\" src=\"https:\/\/www.rochalog.com.br\/wp-content\/uploads\/2022\/06\/Semana-da-Produtividade-e-Sustentabilidade_13.jpg\" alt=\"semana do meio ambiente\" width=\"350\" height=\"263\" srcset=\"https:\/\/www.rochalog.com.br\/wp-content\/uploads\/2022\/06\/Semana-da-Produtividade-e-Sustentabilidade_13.jpg 1024w, https:\/\/www.rochalog.com.br\/wp-content\/uploads\/2022\/06\/Semana-da-Produtividade-e-Sustentabilidade_13-300x225.jpg 300w, https:\/\/www.rochalog.com.br\/wp-content\/uploads\/2022\/06\/Semana-da-Produtividade-e-Sustentabilidade_13-768x576.jpg 768w, https:\/\/www.rochalog.com.br\/wp-content\/uploads\/2022\/06\/Semana-da-Produtividade-e-Sustentabilidade_13-16x12.jpg 16w\" sizes=\"auto, (max-width: 350px) 100vw, 350px\" \/> <img loading=\"lazy\" decoding=\"async\" class=\"alignnone wp-image-8623\" src=\"https:\/\/www.rochalog.com.br\/wp-content\/uploads\/2022\/06\/Semana-da-Produtividade-e-Sustentabilidade_14.jpg\" alt=\"semana do meio ambiente\" width=\"350\" height=\"263\" srcset=\"https:\/\/www.rochalog.com.br\/wp-content\/uploads\/2022\/06\/Semana-da-Produtividade-e-Sustentabilidade_14.jpg 1024w, https:\/\/www.rochalog.com.br\/wp-content\/uploads\/2022\/06\/Semana-da-Produtividade-e-Sustentabilidade_14-300x225.jpg 300w, https:\/\/www.rochalog.com.br\/wp-content\/uploads\/2022\/06\/Semana-da-Produtividade-e-Sustentabilidade_14-768x576.jpg 768w, https:\/\/www.rochalog.com.br\/wp-content\/uploads\/2022\/06\/Semana-da-Produtividade-e-Sustentabilidade_14-16x12.jpg 16w\" sizes=\"auto, (max-width: 350px) 100vw, 350px\" \/> <img loading=\"lazy\" decoding=\"async\" class=\"alignnone wp-image-8624\" src=\"https:\/\/www.rochalog.com.br\/wp-content\/uploads\/2022\/06\/Semana-da-Produtividade-e-Sustentabilidade_15.jpg\" alt=\"semana do meio ambiente\" width=\"350\" height=\"263\" srcset=\"https:\/\/www.rochalog.com.br\/wp-content\/uploads\/2022\/06\/Semana-da-Produtividade-e-Sustentabilidade_15.jpg 1280w, https:\/\/www.rochalog.com.br\/wp-content\/uploads\/2022\/06\/Semana-da-Produtividade-e-Sustentabilidade_15-300x225.jpg 300w, https:\/\/www.rochalog.com.br\/wp-content\/uploads\/2022\/06\/Semana-da-Produtividade-e-Sustentabilidade_15-1024x768.jpg 1024w, https:\/\/www.rochalog.com.br\/wp-content\/uploads\/2022\/06\/Semana-da-Produtividade-e-Sustentabilidade_15-768x576.jpg 768w, https:\/\/www.rochalog.com.br\/wp-content\/uploads\/2022\/06\/Semana-da-Produtividade-e-Sustentabilidade_15-16x12.jpg 16w\" sizes=\"auto, (max-width: 350px) 100vw, 350px\" \/> <img loading=\"lazy\" decoding=\"async\" class=\"alignnone wp-image-8625\" src=\"https:\/\/www.rochalog.com.br\/wp-content\/uploads\/2022\/06\/Semana-da-Produtividade-e-Sustentabilidade_16.jpg\" alt=\"semana do meio ambiente\" width=\"350\" height=\"263\" srcset=\"https:\/\/www.rochalog.com.br\/wp-content\/uploads\/2022\/06\/Semana-da-Produtividade-e-Sustentabilidade_16.jpg 1280w, https:\/\/www.rochalog.com.br\/wp-content\/uploads\/2022\/06\/Semana-da-Produtividade-e-Sustentabilidade_16-300x225.jpg 300w, https:\/\/www.rochalog.com.br\/wp-content\/uploads\/2022\/06\/Semana-da-Produtividade-e-Sustentabilidade_16-1024x768.jpg 1024w, https:\/\/www.rochalog.com.br\/wp-content\/uploads\/2022\/06\/Semana-da-Produtividade-e-Sustentabilidade_16-768x576.jpg 768w, https:\/\/www.rochalog.com.br\/wp-content\/uploads\/2022\/06\/Semana-da-Produtividade-e-Sustentabilidade_16-16x12.jpg 16w\" sizes=\"auto, (max-width: 350px) 100vw, 350px\" \/><\/p>\n<h4 style=\"text-align: justify;\"><span style=\"color: #f58220;\">Sobre a Rocha<\/span><\/h4>\n<p style=\"text-align: justify;\">Ao longo de seus 158 anos, a ROCHA construiu uma hist\u00f3ria fundamentada na \u00e9tica, profissionalismo e reconhecimento do trabalho dos colaboradores e parceiros, sendo referenciada como uma das principais e mais modernas empresas do setor de log\u00edstica portu\u00e1ria do pa\u00eds.<\/p>\n<p style=\"text-align: justify;\">Nossos servi\u00e7os de destaque s\u00e3o movimenta\u00e7\u00e3o e armazenagem de gran\u00e9is s\u00f3lidos e l\u00edquidos, de importa\u00e7\u00e3o e exporta\u00e7\u00e3o, produtos sider\u00fargicos, celulose, cargas gerais conteinerizadas e big bags, bem como cargas de projeto.<\/p>\n<p style=\"text-align: justify;\">Acompanhe a ROCHA nas redes sociais para ficar por dentro de todas as atualiza\u00e7\u00f5es: <a href=\"https:\/\/www.facebook.com\/RochaLOG\/\">Facebook<\/a> | <a href=\"https:\/\/www.instagram.com\/rocha_log\/\">Instagram<\/a> | <a href=\"https:\/\/www.linkedin.com\/company\/rocha-terminais-portuarios-logistica\">LinkedIn<\/a><\/p>","protected":false},"excerpt":{"rendered":"<p>Em comemora\u00e7\u00e3o \u00e0 Semana do Meio Ambiente, uma campanha t\u00e3o importante para o nosso planeta, a ROCHA realizou uma s\u00e9rie [&hellip;]<\/p>","protected":false},"author":2,"featured_media":8604,"comment_status":"open","ping_status":"open","sticky":false,"template":"","format":"standard","meta":{"_jetpack_memberships_contains_paid_content":false,"footnotes":""},"categories":[64,34,10],"tags":[184,186,80],"class_list":{"0":"post-8602","1":"post","2":"type-post","3":"status-publish","4":"format-standard","5":"has-post-thumbnail","6":"hentry","7":"category-comercial","8":"category-eventos","9":"category-news","10":"tag-evento","11":"tag-semana-do-meio-ambiente","12":"tag-sustentabilidade","14":"post-with-thumbnail","15":"post-with-thumbnail-large"},"aioseo_notices":[],"jetpack_featured_media_url":"https:\/\/www.rochalog.com.br\/wp-content\/uploads\/2022\/06\/af_Rocha_MeioAmbiente_Blog_01a.png","jetpack_sharing_enabled":true,"_links":{"self":[{"href":"https:\/\/www.rochalog.com.br\/en\/wp-json\/wp\/v2\/posts\/8602","targetHints":{"allow":["GET"]}}],"collection":[{"href":"https:\/\/www.rochalog.com.br\/en\/wp-json\/wp\/v2\/posts"}],"about":[{"href":"https:\/\/www.rochalog.com.br\/en\/wp-json\/wp\/v2\/types\/post"}],"author":[{"embeddable":true,"href":"https:\/\/www.rochalog.com.br\/en\/wp-json\/wp\/v2\/users\/2"}],"replies":[{"embeddable":true,"href":"https:\/\/www.rochalog.com.br\/en\/wp-json\/wp\/v2\/comments?post=8602"}],"version-history":[{"count":0,"href":"https:\/\/www.rochalog.com.br\/en\/wp-json\/wp\/v2\/posts\/8602\/revisions"}],"wp:featuredmedia":[{"embeddable":true,"href":"https:\/\/www.rochalog.com.br\/en\/wp-json\/wp\/v2\/media\/8604"}],"wp:attachment":[{"href":"https:\/\/www.rochalog.com.br\/en\/wp-json\/wp\/v2\/media?parent=8602"}],"wp:term":[{"taxonomy":"category","embeddable":true,"href":"https:\/\/www.rochalog.com.br\/en\/wp-json\/wp\/v2\/categories?post=8602"},{"taxonomy":"post_tag","embeddable":true,"href":"https:\/\/www.rochalog.com.br\/en\/wp-json\/wp\/v2\/tags?post=8602"}],"curies":[{"name":"wp","href":"https:\/\/api.w.org\/{rel}","templated":true}]}}